{"id":27660,"date":"2017-09-02T23:56:42","date_gmt":"2017-09-03T02:56:42","guid":{"rendered":"http:\/\/caririemacao.com\/1\/?p=27660"},"modified":"2017-09-02T23:56:30","modified_gmt":"2017-09-03T02:56:30","slug":"camara-de-gurjao-debate-seguranca-publica","status":"publish","type":"post","link":"https:\/\/www.caririemacao.com\/1\/2017\/09\/02\/camara-de-gurjao-debate-seguranca-publica\/","title":{"rendered":"C\u00e2mara de Gurj\u00e3o debate seguran\u00e7a p\u00fablica"},"content":{"rendered":"<p>Na noite desta sexta-feira (01\/09), a C\u00e2mara de Vereadores de Gurj\u00e3o realizou mais uma importante reuni\u00e3o. Os trabalhos da sess\u00e3o da \u201cCasa Agripino de Farias Gurj\u00e3o\u201d, foi presidido pelo vereador Adailson Queiroz (PSB).<\/p>\n<p>Na oportunidade, estiveram presentes os vereadores J\u00fanior Morais, Niselma Martins, Marcelo Farias, Maria Elizete, Alexsandro Cavalcante, Robson Cordeiro e Gilberto Farias, apenas o vereador Diogo Coutinho, por motivos de sa\u00fade, n\u00e3o compareceu \u00e0 sess\u00e3o, o mesmo apresentou justificativa junto \u00e0 mesa diretora da casa.<\/p>\n<p>O debate da sess\u00e3o ficou focado na quest\u00e3o da seguran\u00e7a p\u00fablica na regi\u00e3o, em especial, na cidade de Gurj\u00e3o. Os vereadores relataram as \u00faltimas ocorr\u00eancias policiais, resultado de assaltos e homic\u00eddios.<\/p>\n<p>O presidente Adailsinho disse que levar\u00e1 todas as reivindica\u00e7\u00f5es ao governador Ricardo Coutinho para que o governo estadual possa aumentar o efetivo policial na regi\u00e3o.<\/p>\n<p><strong>Veja o que ocorreu na sess\u00e3o\u00a0<\/strong><\/p>\n<p><iframe style=\"border: none; overflow: hidden;\" data-src=\"https:\/\/www.facebook.com\/plugins\/video.php?href=https%3A%2F%2Fwww.facebook.com%2FCaririEmAcao%2Fvideos%2F1088475394621816%2F&amp;show_text=0&amp;width=560\" width=\"560\" height=\"315\" frameborder=\"0\" scrolling=\"no\" allowfullscreen=\"allowfullscreen\" src=\"data:image\/svg+xml;base64,PHN2ZyB3aWR0aD0iMSIgaGVpZ2h0PSIxIiB4bWxucz0iaHR0cDovL3d3dy53My5vcmcvMjAwMC9zdmciPjwvc3ZnPg==\" class=\"lazyload\" data-load-mode=\"1\"><\/iframe><\/p>\n<p><strong>Veja as fotos\u00a0<\/strong><\/p>\n<p><div class=\"ose- ose-uid-8f360137c6d5a2f5e396475f332586ba ose-embedpress-responsive\" style=\"width:600px; height:550px; max-height:550px; max-width:100%; display:inline-block;\" data-embed-type=\"Facebook\"><iframe allowFullScreen=\"true\" class=\"embera-facebook-iframe-8f360 lazyload\" data-src=\"https:\/\/www.facebook.com\/plugins\/post.php?href=https%3A%2F%2Fwww.facebook.com%2Fmedia%2Fset%2F%3Fset%3Da.1089092777893411.1073742544.302749469861083%26%23038%3Btype%3D1%26%23038%3Bl%3D5c378ac554&width=600&height=550&show_text=true\" width=\"600\" height=\"550\" style=\"border:none;overflow:hidden\" scrolling=\"no\" frameborder=\"0\" allowTransparency=\"true\" src=\"data:image\/svg+xml;base64,PHN2ZyB3aWR0aD0iMSIgaGVpZ2h0PSIxIiB4bWxucz0iaHR0cDovL3d3dy53My5vcmcvMjAwMC9zdmciPjwvc3ZnPg==\" data-load-mode=\"1\"><\/iframe><\/div><\/p>\n<p><strong>CARIRI EM A\u00c7\u00c3O<\/strong><\/p>\n<p><strong>Leia mais not\u00edcias em\u00a0<\/strong><a href=\"http:\/\/www.caririemacao.com\/\"><strong>caririemacao.com<\/strong><\/a><strong>, siga nossa p\u00e1gina no\u00a0<\/strong><a href=\"https:\/\/www.facebook.com\/CaririEmAcao\/?ref=aymt_homepage_panel\"><strong>Facebook<\/strong><\/a>,<strong>\u00a0<a href=\"https:\/\/www.instagram.com\/cariri_em_acao\/?hl=pt-br\">Instagram<\/a>\u00a0e <\/strong><a href=\"https:\/\/www.youtube.com\/channel\/UCAptA0jQuYQy8vMhLt2m4qg\">Youtube<\/a><strong>\u00a0e veja nossas mat\u00e9rias, v\u00eddeos e fotos. Voc\u00ea tamb\u00e9m pode enviar informa\u00e7\u00f5es \u00e0 Reda\u00e7\u00e3o do Portal Cariri em A\u00e7\u00e3o pelo WhatsApp (83) 9 9634.5791, (83) 9 9601-1162.<\/strong><\/p>\n","protected":false},"excerpt":{"rendered":"<p>Na noite desta sexta-feira (01\/09), a C\u00e2mara de Vereadores de Gurj\u00e3o realizou mais uma importante reuni\u00e3o. Os trabalhos da sess\u00e3o da \u201cCasa Agripino de Farias&hellip; <\/p>\n","protected":false},"author":2,"featured_media":27661,"comment_status":"closed","ping_status":"closed","sticky":false,"template":"","format":"standard","meta":{"sfsi_plus_gutenberg_text_before_share":"","sfsi_plus_gutenberg_show_text_before_share":"","sfsi_plus_gutenberg_icon_type":"","sfsi_plus_gutenberg_icon_alignemt":"","sfsi_plus_gutenburg_max_per_row":"","footnotes":""},"categories":[2],"tags":[],"class_list":["post-27660","post","type-post","status-publish","format-standard","has-post-thumbnail","hentry","category-geral"],"_links":{"self":[{"href":"https:\/\/www.caririemacao.com\/1\/wp-json\/wp\/v2\/posts\/27660","targetHints":{"allow":["GET"]}}],"collection":[{"href":"https:\/\/www.caririemacao.com\/1\/wp-json\/wp\/v2\/posts"}],"about":[{"href":"https:\/\/www.caririemacao.com\/1\/wp-json\/wp\/v2\/types\/post"}],"author":[{"embeddable":true,"href":"https:\/\/www.caririemacao.com\/1\/wp-json\/wp\/v2\/users\/2"}],"replies":[{"embeddable":true,"href":"https:\/\/www.caririemacao.com\/1\/wp-json\/wp\/v2\/comments?post=27660"}],"version-history":[{"count":0,"href":"https:\/\/www.caririemacao.com\/1\/wp-json\/wp\/v2\/posts\/27660\/revisions"}],"wp:featuredmedia":[{"embeddable":true,"href":"https:\/\/www.caririemacao.com\/1\/wp-json\/wp\/v2\/media\/27661"}],"wp:attachment":[{"href":"https:\/\/www.caririemacao.com\/1\/wp-json\/wp\/v2\/media?parent=27660"}],"wp:term":[{"taxonomy":"category","embeddable":true,"href":"https:\/\/www.caririemacao.com\/1\/wp-json\/wp\/v2\/categories?post=27660"},{"taxonomy":"post_tag","embeddable":true,"href":"https:\/\/www.caririemacao.com\/1\/wp-json\/wp\/v2\/tags?post=27660"}],"curies":[{"name":"wp","href":"https:\/\/api.w.org\/{rel}","templated":true}]}}