{"id":27695,"date":"2017-09-03T00:02:40","date_gmt":"2017-09-03T03:02:40","guid":{"rendered":"http:\/\/caririemacao.com\/1\/?p=27695"},"modified":"2017-09-03T00:02:40","modified_gmt":"2017-09-03T03:02:40","slug":"dilma-seria-mais-facil-ter-apoiado-cunha-mas-o-preco-era-muito-alto","status":"publish","type":"post","link":"https:\/\/www.caririemacao.com\/1\/2017\/09\/03\/dilma-seria-mais-facil-ter-apoiado-cunha-mas-o-preco-era-muito-alto\/","title":{"rendered":"Dilma: &#8216;Seria mais f\u00e1cil ter apoiado Cunha, mas o pre\u00e7o era muito alto&#8217;"},"content":{"rendered":"<p>Um ano ap\u00f3s o impeachment, a ex-presidente Dilma Roussef\u00a0deu uma entrevista exclusiva para\u00a0a jornalista Mariana Godoy, da RedeTV!. A entrevista, que ocorreu nos est\u00fadios da emissora no Rio de Janeiro, foi ao ar na noite de\u00a0sexta-feira (1\u00ba). Confira alguns destaques do que a ex-presidente Dilma\u00a0falou.<\/p>\n<p><strong>Impeachment<\/strong><\/p>\n<p>&#8220;A gente s\u00f3 consegue ter a no\u00e7\u00e3o [de que n\u00e3o vai dar mais] na hora da vota\u00e7\u00e3o. Necessariamente, voc\u00ea tem que avaliar o que \u00e9, de fato, poss\u00edvel fazer de absurdo, porque tratava-se de tirar um mandato com 54 milh\u00f5es e meio de votos. Quando se ousa tirar um mandato assim tende a haver, por parte de quem \u00e9 democrata pelo menos, uma esperan\u00e7a de que esse pa\u00eds tenha representantes \u00e0 altura dele, que honrem o povo brasileiro e que respeitem a democracia, pois ali estavam jogando a democracia, mais uma vez, no lixo da hist\u00f3ria. Ent\u00e3o a minha incredulidade tem a ver com isso.&#8221;<\/p>\n<p><strong>Den\u00fancia contra Temer na C\u00e2mara<\/strong><\/p>\n<p>&#8220;Nem um pouco surpresa porque o motivo pelo qual me tiraram e o grupo pol\u00edtico que sustentou a minha sa\u00edda tem por base o chamado &#8220;Centr\u00e3o&#8221;, dominado e comprado pelo deputado Eduardo Cunha, hoje preso. L\u00e1 de Bras\u00edlia, sabia-se que ele detinha o controle de um conjunto de deputados e quem procedeu ao impeachment foi essa base pol\u00edtica e \u00e9 ela que sustenta a corrup\u00e7\u00e3o, a perda de direitos, o retrocesso, a privatiza\u00e7\u00e3o de empresas p\u00fablicas e recursos naturais, como a reserva do cobre, por exemplo. \u00c9 essa mesma base que permite a impunidade do atual presidente da Rep\u00fablica.&#8221;<\/p>\n<p><strong>Relacionamento amistoso com Eduardo Cunha<\/strong><\/p>\n<p>&#8220;A rela\u00e7\u00e3o com uma pessoa do tipo dele implica que voc\u00ea des\u00e7a v\u00e1rios degraus e chegue a um certo n\u00edvel de criminalidade que eu n\u00e3o me disponho a assumir por pre\u00e7o nenhum. Ele \u00e9 um corrupto, uma pessoa que usa de todos os m\u00e9todos para ter poder. (&#8230;) J\u00e1 em dezembro de 2015 todos os elementos para conden\u00e1-lo ou suspend\u00ea-lo da presid\u00eancia da C\u00e2mara existiam. Ent\u00e3o a pris\u00e3o dele foi uma pris\u00e3o, digamos assim, tardia, e eu n\u00e3o acho que ela signifique necessariamente que a corrup\u00e7\u00e3o esta sendo combatida. (&#8230;) Seria mais f\u00e1cil ter apoiado Cunha, mas o pre\u00e7o era muito alto.&#8221;<\/p>\n<p><strong>Combate \u00e0 corrup\u00e7\u00e3o e Lava Jato<\/strong><\/p>\n<p>&#8220;Eu acho que o combate \u00e0 corrup\u00e7\u00e3o saiu do controle. N\u00e3o \u00e9 que passou do ponto, ele rompeu coisas que n\u00e3o podiam ter sido rompidas. Por exemplo, direito de defesa ou aceitar dela\u00e7\u00e3o pelo seu valor de face, sem exigir provas. Tem uma quest\u00e3o que qualquer combate ou processo judicial tem de respeitar que \u00e9 o direito de defesa, porque vai chegar um ponto que esses excessos ser\u00e3o usados para se voltar contra a pr\u00f3pria Lava Jato. Acho que isso \u00e9 muito grave e estou me referindo a todas as dela\u00e7\u00f5es, porque a dela\u00e7\u00e3o \u00e9 um ind\u00edcio, n\u00e3o \u00e9 uma prova definitiva. H\u00e1 problemas com as dela\u00e7\u00f5es. Vazamentos seletivos da dela\u00e7\u00e3o sem provas e depois passa um ano e descobre que n\u00e3o \u00e9 bem assim e todo processo j\u00e1 ocorreu. Mas tem um problema grav\u00edssimo que \u00e9 o fato da prova n\u00e3o ter ocorrido, e isso vai contaminar a Lava Jato, destru\u00ed-la por dentro.&#8221;<\/p>\n<p><strong>Compara\u00e7\u00e3o \u00e0 opera\u00e7\u00e3o M\u00e3os Limpas<\/strong><\/p>\n<p>&#8220;H\u00e1 diferen\u00e7as. Na It\u00e1lia, dificilmente voc\u00ea tinha uma politiza\u00e7\u00e3o t\u00e3o grande do judici\u00e1rio, por exemplo. Voc\u00ea n\u00e3o tinha o juiz falando fora dos autos. Veja o caso da divulga\u00e7\u00e3o da grava\u00e7\u00e3o da minha conversa com o presidente Lula. (&#8230;) O que aconteceria em qualquer pa\u00eds s\u00e9rio do mundo? N\u00e3o havia autoriza\u00e7\u00e3o do Supremo para gravar a presidente da Rep\u00fablica. Nos Estados Unidos isso d\u00e1 cadeia com a lei de seguran\u00e7a nacional. (&#8230;) Voc\u00ea n\u00e3o pode deixar um pa\u00eds entrar em crise institucional, que \u00e9 quando um poder briga com o outro. No Brasil, hoje, todos os poderes brigam entre si. Pessoas de um poder agridem verbalmente pessoas de outro poder e n\u00e3o h\u00e1 a menor estabilidade institucional.&#8221;<\/p>\n<p><strong>Crise e arrependimentos<\/strong><\/p>\n<p>(&#8230;) Um erro meu: num determinado momento, n\u00f3s desoneramos os grupos empresariais, visando impedir a redu\u00e7\u00e3o de emprego e o aumento da capacidade ociosa. Com isso, reduzimos os impostos. O que os empres\u00e1rios fazem? Eles aumentam a margem de lucro, embolsam o benef\u00edcio e n\u00e3o investem. Era de se prever que eles fariam isso, mas achamos que ainda haveria o impulso. Ent\u00e3o eu errei, avaliamos mal. N\u00e3o \u00e9 poss\u00edvel acreditar que redu\u00e7\u00e3o de imposto leve a um aumento de investimento, porque n\u00e3o leva. Redu\u00e7\u00e3o de impostos leva substantivamente ao aumento da margem de lucro.&#8221;<\/p>\n<p><strong>Oposi\u00e7\u00e3o<\/strong><\/p>\n<p>&#8220;Depois de tudo o que aconteceu neste um ano, quem bateu panela, fez isso contra os pr\u00f3prios interesses. Porque veja, a bandeira era tirar a presidente para acabar com a corrup\u00e7\u00e3o. O que aconteceu? Colocaram no meu lugar um governo explicitamente corrupto.&#8221;<\/p>\n<p><strong>Financiamento de empresas e BNDES<\/strong><\/p>\n<p>&#8220;Desde quando financiar empresas neste pa\u00eds \u00e9 corrup\u00e7\u00e3o? Pelo contr\u00e1rio, o cr\u00e9dito \u00e9 um dos instrumentos de crescimento econ\u00f4mico. Nenhum pa\u00eds cresce sem cr\u00e9dito. Ningu\u00e9m vai garantir nossa capacidade de expandir energia sem cr\u00e9dito. Ningu\u00e9m faz estrada sem cr\u00e9dito, portos e grandes obras necess\u00e1rias sem cr\u00e9dito e n\u00e3o h\u00e1 provas de que o BNDES tenha praticado corrup\u00e7\u00e3o.\u201d<\/p>\n<p><strong>Taxa de Longo Prazo (TLP)<\/strong><\/p>\n<p>&#8220;Sabe o que vai haver com essa TPL? N\u00e3o vai haver investimento. Nenhum empres\u00e1rio gosta de investir com capital pr\u00f3prio. (&#8230;) O Brasil vai ter de come\u00e7ar a discutir porque paga os maiores juros do mundo. Meu impeachment come\u00e7ou quando tentei reduzir juros. Ali eu comecei a cair.&#8221;<\/p>\n<p><strong>Parlamentarismo<\/strong><\/p>\n<p>&#8220;O parlamentarismo faz parte da segunda etapa do golpe. O golpe foi um processo e n\u00e3o se esgotou no meu impechment, que foi o primeiro ato. Na sequ\u00eancia h\u00e1 v\u00e1rios outros como essa tentativa deliberada de impedir que Lula seja candidato atrav\u00e9s de uma condena\u00e7\u00e3o sem base de um tamb\u00e9m inocente. E a\u00ed j\u00e1 est\u00e1 a fala dele que acho precisa: &#8216;preso ou solto, condenado ou absolvido, vivo ou morto, eu participarei da elei\u00e7\u00e3o de 2018&#8217;. Esse compromisso dele de participar \u00e9 porque temos a clareza dessa segunda etapa do golpe. E tem tamb\u00e9m h\u00e1 uma terceira etapa que \u00e9 o parlamentarismo. Uma coisa ficou clara nisso tudo, conseguiram destruir o PSDB que era o grupamento de centro-direita que apresentava propostas. Ele se destruiu ao se aliar ao golpe e ao processo de corrup\u00e7\u00e3o deste governo. Uma outra quest\u00e3o \u00e9 o surgimento do Bolsonaro como representante da extrema-direita, que no contexto brasileiro estava meio dentro do arm\u00e1rio. Ent\u00e3o isso leva \u00e0 possibilidade de alguns falarem: &#8216;mas como n\u00f3s chegaremos e nos manteremos no poder?&#8217;. Sem voto? S\u00f3 h\u00e1 um jeito: o parlamentarismo, que ali\u00e1s \u00e9 o sistema que sempre \u00e9 colocado \u00e0 mesa quando h\u00e1 crise constitucional.&#8221;<\/p>\n<p><strong>Poss\u00edveis candidaturas<\/strong><\/p>\n<p>&#8220;Dilma Rousseff vai ficar muito calma, olhando o cen\u00e1rio para ver como \u00e9 que as coisas v\u00e3o ficar e vai apoiar a presen\u00e7a do ex-presidente Lula neste processo eleitoral. Recebi convites, mas n\u00e3o estou avaliando ainda. Estou calma.&#8221;<\/p>\n<p><strong>O que fez no \u00faltimo ano<\/strong><\/p>\n<p>&#8220;Necessariamente, no \u00faltimo ano pude ser mais &#8216;Dilma av\u00f3&#8217; do que fui em algum momento ano passado, porque eu n\u00e3o convivia com eles diariamente. Posso n\u00e3o conviver todos os dias ainda, mas hoje os vejo\u00a0mais dias do ano do que j\u00e1 vi, ent\u00e3o fui mais &#8216;Dilma av\u00f3&#8217;.&#8221;<\/p>\n<p><strong>CARIRI EM A\u00c7\u00c3O<\/strong><\/p>\n<p><em>Com Not\u00edcias Ao Minuto\/Foto: Google<\/em><\/p>\n<p><strong>Leia mais not\u00edcias em\u00a0<\/strong><a href=\"http:\/\/www.caririemacao.com\/\"><strong>caririemacao.com<\/strong><\/a><strong>, siga nossa p\u00e1gina no\u00a0<\/strong><a href=\"https:\/\/www.facebook.com\/CaririEmAcao\/?ref=aymt_homepage_panel\"><strong>Facebook<\/strong><\/a>,<strong>\u00a0<\/strong><a href=\"https:\/\/www.instagram.com\/cariri_em_acao\/?hl=pt-br\"><strong>Instagram<\/strong><\/a><strong>\u00a0e <\/strong><a href=\"https:\/\/www.youtube.com\/channel\/UCAptA0jQuYQy8vMhLt2m4qg\"><strong>Youtube<\/strong><\/a><strong>\u00a0e veja nossas mat\u00e9rias, v\u00eddeos e fotos. Voc\u00ea tamb\u00e9m pode enviar informa\u00e7\u00f5es \u00e0 Reda\u00e7\u00e3o do Portal Cariri em A\u00e7\u00e3o pelo WhatsApp (83) 9 9634.5791, (83) 9 9601-1162.<\/strong><\/p>\n","protected":false},"excerpt":{"rendered":"<p>Um ano ap\u00f3s o impeachment, a ex-presidente Dilma Roussef\u00a0deu uma entrevista exclusiva para\u00a0a jornalista Mariana Godoy, da RedeTV!. A entrevista, que ocorreu nos est\u00fadios da&hellip; <\/p>\n","protected":false},"author":2,"featured_media":27696,"comment_status":"closed","ping_status":"closed","sticky":false,"template":"","format":"standard","meta":{"sfsi_plus_gutenberg_text_before_share":"","sfsi_plus_gutenberg_show_text_before_share":"","sfsi_plus_gutenberg_icon_type":"","sfsi_plus_gutenberg_icon_alignemt":"","sfsi_plus_gutenburg_max_per_row":"","footnotes":""},"categories":[2],"tags":[],"class_list":["post-27695","post","type-post","status-publish","format-standard","has-post-thumbnail","hentry","category-geral"],"_links":{"self":[{"href":"https:\/\/www.caririemacao.com\/1\/wp-json\/wp\/v2\/posts\/27695","targetHints":{"allow":["GET"]}}],"collection":[{"href":"https:\/\/www.caririemacao.com\/1\/wp-json\/wp\/v2\/posts"}],"about":[{"href":"https:\/\/www.caririemacao.com\/1\/wp-json\/wp\/v2\/types\/post"}],"author":[{"embeddable":true,"href":"https:\/\/www.caririemacao.com\/1\/wp-json\/wp\/v2\/users\/2"}],"replies":[{"embeddable":true,"href":"https:\/\/www.caririemacao.com\/1\/wp-json\/wp\/v2\/comments?post=27695"}],"version-history":[{"count":0,"href":"https:\/\/www.caririemacao.com\/1\/wp-json\/wp\/v2\/posts\/27695\/revisions"}],"wp:featuredmedia":[{"embeddable":true,"href":"https:\/\/www.caririemacao.com\/1\/wp-json\/wp\/v2\/media\/27696"}],"wp:attachment":[{"href":"https:\/\/www.caririemacao.com\/1\/wp-json\/wp\/v2\/media?parent=27695"}],"wp:term":[{"taxonomy":"category","embeddable":true,"href":"https:\/\/www.caririemacao.com\/1\/wp-json\/wp\/v2\/categories?post=27695"},{"taxonomy":"post_tag","embeddable":true,"href":"https:\/\/www.caririemacao.com\/1\/wp-json\/wp\/v2\/tags?post=27695"}],"curies":[{"name":"wp","href":"https:\/\/api.w.org\/{rel}","templated":true}]}}