{"id":27701,"date":"2017-09-03T00:10:17","date_gmt":"2017-09-03T03:10:17","guid":{"rendered":"http:\/\/caririemacao.com\/1\/?p=27701"},"modified":"2017-09-03T00:10:17","modified_gmt":"2017-09-03T03:10:17","slug":"cras-de-prata-oferece-oficina-de-fotografia","status":"publish","type":"post","link":"https:\/\/www.caririemacao.com\/1\/2017\/09\/03\/cras-de-prata-oferece-oficina-de-fotografia\/","title":{"rendered":"CRAS de Prata oferece oficina de fotografia"},"content":{"rendered":"<div class=\"contentPost\">\n<p>O Centro de Refer\u00eancia de Assist\u00eancia Social \u2013 CRAS, do munic\u00edpio de Prata, vem desenvolvendo para um grupo de adolescentes, uma oficina de fotografia com sucesso.<\/p>\n<p>Os temas trabalhados na oficina, como ensaio de gestantes, cen\u00e1rios noturnos, casamentos e cen\u00e1rio simples, ensinam os jovens a buscarem os melhores \u00e2ngulos nas imagens.<\/p>\n<p>O objetivo \u00e9 desenvolver talentos nos jovens, e alagar seus horizontes.<\/p>\n<\/div>\n<div class=\"fb-like fb_iframe_widget\" data-width=\"180\" data-href=\"http:\/\/caririligado.com.br\/cras-de-prata-oferece-oficina-de-fotografia\/\" data-layout=\"button_count\" data-action=\"like\" data-show-faces=\"true\" data-share=\"false\">\n<p><strong>CARIRI EM A\u00c7\u00c3O<\/strong><\/p>\n<p><em>Com Ascom \/Foto: Reprodu\u00e7\u00e3o\u00a0<\/em><\/p>\n<p><strong>Leia mais not\u00edcias em\u00a0<\/strong><a href=\"http:\/\/www.caririemacao.com\/\"><strong>caririemacao.com<\/strong><\/a><strong>, siga nossa p\u00e1gina no\u00a0<\/strong><a href=\"https:\/\/www.facebook.com\/CaririEmAcao\/?ref=aymt_homepage_panel\"><strong>Facebook<\/strong><\/a>,<strong>\u00a0<\/strong><a href=\"https:\/\/www.instagram.com\/cariri_em_acao\/?hl=pt-br\"><strong>Instagram<\/strong><\/a><strong>\u00a0e <\/strong><a href=\"https:\/\/www.youtube.com\/channel\/UCAptA0jQuYQy8vMhLt2m4qg\"><strong>Youtube<\/strong><\/a><strong>\u00a0e veja nossas mat\u00e9rias, v\u00eddeos e fotos. Voc\u00ea tamb\u00e9m pode enviar informa\u00e7\u00f5es \u00e0 Reda\u00e7\u00e3o do Portal Cariri em A\u00e7\u00e3o pelo WhatsApp (83) 9 9634.5791, (83) 9 9601-1162.<\/strong><\/p>\n<\/div>\n","protected":false},"excerpt":{"rendered":"<p>O Centro de Refer\u00eancia de Assist\u00eancia Social \u2013 CRAS, do munic\u00edpio de Prata, vem desenvolvendo para um grupo de adolescentes, uma oficina de fotografia com&hellip; <\/p>\n","protected":false},"author":2,"featured_media":27702,"comment_status":"closed","ping_status":"closed","sticky":false,"template":"","format":"standard","meta":{"sfsi_plus_gutenberg_text_before_share":"","sfsi_plus_gutenberg_show_text_before_share":"","sfsi_plus_gutenberg_icon_type":"","sfsi_plus_gutenberg_icon_alignemt":"","sfsi_plus_gutenburg_max_per_row":"","footnotes":""},"categories":[6],"tags":[],"class_list":["post-27701","post","type-post","status-publish","format-standard","has-post-thumbnail","hentry","category-cidades"],"_links":{"self":[{"href":"https:\/\/www.caririemacao.com\/1\/wp-json\/wp\/v2\/posts\/27701","targetHints":{"allow":["GET"]}}],"collection":[{"href":"https:\/\/www.caririemacao.com\/1\/wp-json\/wp\/v2\/posts"}],"about":[{"href":"https:\/\/www.caririemacao.com\/1\/wp-json\/wp\/v2\/types\/post"}],"author":[{"embeddable":true,"href":"https:\/\/www.caririemacao.com\/1\/wp-json\/wp\/v2\/users\/2"}],"replies":[{"embeddable":true,"href":"https:\/\/www.caririemacao.com\/1\/wp-json\/wp\/v2\/comments?post=27701"}],"version-history":[{"count":0,"href":"https:\/\/www.caririemacao.com\/1\/wp-json\/wp\/v2\/posts\/27701\/revisions"}],"wp:featuredmedia":[{"embeddable":true,"href":"https:\/\/www.caririemacao.com\/1\/wp-json\/wp\/v2\/media\/27702"}],"wp:attachment":[{"href":"https:\/\/www.caririemacao.com\/1\/wp-json\/wp\/v2\/media?parent=27701"}],"wp:term":[{"taxonomy":"category","embeddable":true,"href":"https:\/\/www.caririemacao.com\/1\/wp-json\/wp\/v2\/categories?post=27701"},{"taxonomy":"post_tag","embeddable":true,"href":"https:\/\/www.caririemacao.com\/1\/wp-json\/wp\/v2\/tags?post=27701"}],"curies":[{"name":"wp","href":"https:\/\/api.w.org\/{rel}","templated":true}]}}