{"id":27707,"date":"2017-09-03T00:51:20","date_gmt":"2017-09-03T03:51:20","guid":{"rendered":"http:\/\/caririemacao.com\/1\/?p=27707"},"modified":"2017-09-03T00:51:20","modified_gmt":"2017-09-03T03:51:20","slug":"feijoada-forro-e-solidariedade-acontecem-em-sume-nesse-domingo-03","status":"publish","type":"post","link":"https:\/\/www.caririemacao.com\/1\/2017\/09\/03\/feijoada-forro-e-solidariedade-acontecem-em-sume-nesse-domingo-03\/","title":{"rendered":"Feijoada, Forr\u00f3 e Solidariedade acontecem em Sum\u00e9 nesse domingo (03)"},"content":{"rendered":"<p>A comunidade de S\u00e3o Jos\u00e9, da Par\u00f3quia Nossa Senhora da Concei\u00e7\u00e3o, Sum\u00e9, localizada no Bairro V\u00e1rzea Redonda, realiza neste domingo, 03 de setembro, uma feijoada beneficente.<\/p>\n<p>O evento Intitulado Feijoada, Forr\u00f3 e Solidariedade, tem o objetivo de arrecadar fundos para \u00e0s obras de reforma do pr\u00e9dio da igreja de S\u00e3o Jos\u00e9, do mesmo bairro.<\/p>\n<p>A anima\u00e7\u00e3o da feijoada beneficente fica por conta da Banda Forr\u00f3 Kente, e ter\u00e1 in\u00edcio as 11horas na quadra esportiva da V\u00e1rzea Redonda, localizada na Rua Francisco Braz. Os participantes da feijoada ter\u00e3o direito a uma cartela para o bingo beneficente.<\/p>\n<p><strong>CARIRI EM A\u00c7\u00c3O<\/strong><\/p>\n<p><strong>Leia mais not\u00edcias em\u00a0<a href=\"http:\/\/www.caririemacao.com\/\">caririemacao.com<\/a>, siga nossa p\u00e1gina no\u00a0<a href=\"https:\/\/www.facebook.com\/CaririEmAcao\/?ref=aymt_homepage_panel\">Facebook<\/a>,\u00a0<a href=\"https:\/\/www.instagram.com\/cariri_em_acao\/?hl=pt-br\">Instagram<\/a>\u00a0e <a href=\"https:\/\/www.youtube.com\/channel\/UCAptA0jQuYQy8vMhLt2m4qg\">Youtube<\/a>\u00a0e veja nossas mat\u00e9rias, v\u00eddeos e fotos. Voc\u00ea tamb\u00e9m pode enviar informa\u00e7\u00f5es \u00e0 Reda\u00e7\u00e3o do Portal Cariri em A\u00e7\u00e3o pelo WhatsApp (83) 9 9634.5791, (83) 9 9601-1162.<\/strong><\/p>\n","protected":false},"excerpt":{"rendered":"<p>A comunidade de S\u00e3o Jos\u00e9, da Par\u00f3quia Nossa Senhora da Concei\u00e7\u00e3o, Sum\u00e9, localizada no Bairro V\u00e1rzea Redonda, realiza neste domingo, 03 de setembro, uma feijoada&hellip; <\/p>\n","protected":false},"author":2,"featured_media":27708,"comment_status":"closed","ping_status":"closed","sticky":false,"template":"","format":"standard","meta":{"sfsi_plus_gutenberg_text_before_share":"","sfsi_plus_gutenberg_show_text_before_share":"","sfsi_plus_gutenberg_icon_type":"","sfsi_plus_gutenberg_icon_alignemt":"","sfsi_plus_gutenburg_max_per_row":"","footnotes":""},"categories":[6],"tags":[],"class_list":["post-27707","post","type-post","status-publish","format-standard","has-post-thumbnail","hentry","category-cidades"],"_links":{"self":[{"href":"https:\/\/www.caririemacao.com\/1\/wp-json\/wp\/v2\/posts\/27707","targetHints":{"allow":["GET"]}}],"collection":[{"href":"https:\/\/www.caririemacao.com\/1\/wp-json\/wp\/v2\/posts"}],"about":[{"href":"https:\/\/www.caririemacao.com\/1\/wp-json\/wp\/v2\/types\/post"}],"author":[{"embeddable":true,"href":"https:\/\/www.caririemacao.com\/1\/wp-json\/wp\/v2\/users\/2"}],"replies":[{"embeddable":true,"href":"https:\/\/www.caririemacao.com\/1\/wp-json\/wp\/v2\/comments?post=27707"}],"version-history":[{"count":0,"href":"https:\/\/www.caririemacao.com\/1\/wp-json\/wp\/v2\/posts\/27707\/revisions"}],"wp:featuredmedia":[{"embeddable":true,"href":"https:\/\/www.caririemacao.com\/1\/wp-json\/wp\/v2\/media\/27708"}],"wp:attachment":[{"href":"https:\/\/www.caririemacao.com\/1\/wp-json\/wp\/v2\/media?parent=27707"}],"wp:term":[{"taxonomy":"category","embeddable":true,"href":"https:\/\/www.caririemacao.com\/1\/wp-json\/wp\/v2\/categories?post=27707"},{"taxonomy":"post_tag","embeddable":true,"href":"https:\/\/www.caririemacao.com\/1\/wp-json\/wp\/v2\/tags?post=27707"}],"curies":[{"name":"wp","href":"https:\/\/api.w.org\/{rel}","templated":true}]}}