{"id":277939,"date":"2023-11-29T08:10:16","date_gmt":"2023-11-29T11:10:16","guid":{"rendered":"https:\/\/www.caririemacao.com\/1\/?p=277939"},"modified":"2023-11-29T08:10:16","modified_gmt":"2023-11-29T11:10:16","slug":"hamas-entrega-a-israel-nova-lista-de-refens-que-devem-ser-libertados-nesta-quarta","status":"publish","type":"post","link":"https:\/\/www.caririemacao.com\/1\/2023\/11\/29\/hamas-entrega-a-israel-nova-lista-de-refens-que-devem-ser-libertados-nesta-quarta\/","title":{"rendered":"Hamas entrega a Israel nova lista de ref\u00e9ns que devem ser libertados nesta quarta"},"content":{"rendered":"<header class=\"pg-newDetail__header\">\n<div class=\"gs-container\">\n<div class=\"pg-newDetail__header__content\">\n<p class=\"pg-newDetail__resume\"><em><strong>Outro grupo de 12 ref\u00e9ns, composto por 10 israelenses e dois cidad\u00e3os tailandeses, foi libertado pelo Hamas na ter\u00e7a-feira (28), segundo autoridades.<\/strong><\/em><\/p>\n<\/div>\n<\/div>\n<\/header>\n<div class=\"pg-newDetail__main gs-container\">\n<p>A lista do sexto grupo de ref\u00e9ns que dever\u00e3o ser libertados nesta quarta-feira (29) foi entregue ao governo israelense e as fam\u00edlias est\u00e3o sendo notificadas, disseram ao canal de TV CNN duas fontes familiarizadas com o assunto.Este ser\u00e1 o segundo acordo de extens\u00e3o da tr\u00e9gua, que j\u00e1 dura seis dias.<\/p>\n<p>Outro grupo de 12 ref\u00e9ns, composto por 10 israelenses e dois cidad\u00e3os tailandeses, foi libertado pelo Hamas na ter\u00e7a-feira (28), segundo autoridades.<\/p>\n<p>Trinta palestinos tamb\u00e9m foram libertados de pris\u00f5es israelenses, disseram autoridades.Liberta\u00e7\u00e3o de ref\u00e9ns. O Hamas libertou o quinto grupo de ref\u00e9ns na ter\u00e7a-feira (28), ap\u00f3s a extens\u00e3o da tr\u00e9gua na guerra. Segundo Israel, 12 pessoas foram soltas, sendo 10 israelenses e dois tailandeses.Elas j\u00e1 chegaram ao territ\u00f3rio israelense, segundo as For\u00e7as de Defesa de Israel (FDI).<\/p>\n<p>Uma equipe da CNN tamb\u00e9m viu quatro helic\u00f3pteros pousando em Kerem Shalom, onde os ref\u00e9ns libertados devem se reunir com os militares israelenses.<\/p>\n<p>As Brigadas Al Quds, bra\u00e7o armado da Jihad Isl\u00e2mica Palestina, tamb\u00e9m afirmou em comunicado que entregou \u201calguns civis detidos\u201d como parte do acordo.<\/p>\n<p>A TV Al Jazeera transmitiu imagens do processo de transfer\u00eancia dos ref\u00e9ns, dizendo que membros do bra\u00e7o armado do Hamas e tamb\u00e9m da Jihad Isl\u00e2mica estavam presentes no local.<\/p>\n<p>Em troca, 30 palestinos devem ser libertados das pris\u00f5es de Israel nesta ter\u00e7a-feira, segundo com informa\u00e7\u00f5es divulgadas pelo Clube dos Prisioneiros Palestinos e pelas autoridades penitenci\u00e1rias israelenses.<\/p>\n<p>Esse grupo inclui 15 mulheres e 15 crian\u00e7as do sexo masculino, todos com menos de 18 anos.<\/p>\n<p>FONTE: Click PB<\/p>\n<\/div>\n","protected":false},"excerpt":{"rendered":"<p>Outro grupo de 12 ref\u00e9ns, composto por 10 israelenses e dois cidad\u00e3os tailandeses, foi libertado pelo Hamas na ter\u00e7a-feira (28), segundo autoridades. A lista do sexto grupo de ref\u00e9ns que dever\u00e3o ser libertados nesta quarta-feira (29) foi entregue ao governo israelense e as fam\u00edlias est\u00e3o sendo notificadas, disseram ao canal de TV CNN duas fontes familiarizadas com o assunto.Este ser\u00e1 o segundo acordo de extens\u00e3o da tr\u00e9gua, que j\u00e1 dura seis dias. Outro grupo de 12 ref\u00e9ns, composto por 10 israelenses e dois cidad\u00e3os tailandeses, foi libertado pelo Hamas na ter\u00e7a-feira (28), segundo autoridades. Trinta palestinos tamb\u00e9m foram libertados de pris\u00f5es israelenses, disseram autoridades.Liberta\u00e7\u00e3o de ref\u00e9ns. O Hamas libertou o quinto grupo de ref\u00e9ns na ter\u00e7a-feira (28), ap\u00f3s a extens\u00e3o da tr\u00e9gua na guerra. Segundo Israel, 12 pessoas foram soltas, sendo 10 israelenses e dois tailandeses.Elas j\u00e1 chegaram ao territ\u00f3rio israelense, segundo as For\u00e7as de Defesa de Israel (FDI). Uma equipe da CNN tamb\u00e9m viu quatro helic\u00f3pteros pousando em Kerem Shalom, onde os ref\u00e9ns libertados devem se reunir com os militares israelenses. As Brigadas Al Quds, bra\u00e7o armado da Jihad Isl\u00e2mica Palestina, tamb\u00e9m afirmou em comunicado que entregou \u201calguns civis detidos\u201d como parte do acordo. A TV Al Jazeera transmitiu imagens do processo de transfer\u00eancia dos ref\u00e9ns, dizendo que membros do bra\u00e7o armado do Hamas e tamb\u00e9m da Jihad Isl\u00e2mica estavam presentes no local. Em troca, 30 palestinos devem ser libertados das pris\u00f5es de Israel nesta ter\u00e7a-feira, segundo com informa\u00e7\u00f5es divulgadas pelo Clube dos Prisioneiros Palestinos e pelas autoridades penitenci\u00e1rias israelenses. Esse grupo inclui 15 mulheres e 15 crian\u00e7as do sexo masculino, todos com menos de 18 anos. FONTE: Click PB<\/p>\n","protected":false},"author":6,"featured_media":277940,"comment_status":"closed","ping_status":"closed","sticky":false,"template":"","format":"standard","meta":{"sfsi_plus_gutenberg_text_before_share":"","sfsi_plus_gutenberg_show_text_before_share":"","sfsi_plus_gutenberg_icon_type":"","sfsi_plus_gutenberg_icon_alignemt":"","sfsi_plus_gutenburg_max_per_row":"","footnotes":""},"categories":[50,103],"tags":[],"class_list":["post-277939","post","type-post","status-publish","format-standard","has-post-thumbnail","hentry","category-destaque","category-mundo"],"_links":{"self":[{"href":"https:\/\/www.caririemacao.com\/1\/wp-json\/wp\/v2\/posts\/277939","targetHints":{"allow":["GET"]}}],"collection":[{"href":"https:\/\/www.caririemacao.com\/1\/wp-json\/wp\/v2\/posts"}],"about":[{"href":"https:\/\/www.caririemacao.com\/1\/wp-json\/wp\/v2\/types\/post"}],"author":[{"embeddable":true,"href":"https:\/\/www.caririemacao.com\/1\/wp-json\/wp\/v2\/users\/6"}],"replies":[{"embeddable":true,"href":"https:\/\/www.caririemacao.com\/1\/wp-json\/wp\/v2\/comments?post=277939"}],"version-history":[{"count":1,"href":"https:\/\/www.caririemacao.com\/1\/wp-json\/wp\/v2\/posts\/277939\/revisions"}],"predecessor-version":[{"id":277941,"href":"https:\/\/www.caririemacao.com\/1\/wp-json\/wp\/v2\/posts\/277939\/revisions\/277941"}],"wp:featuredmedia":[{"embeddable":true,"href":"https:\/\/www.caririemacao.com\/1\/wp-json\/wp\/v2\/media\/277940"}],"wp:attachment":[{"href":"https:\/\/www.caririemacao.com\/1\/wp-json\/wp\/v2\/media?parent=277939"}],"wp:term":[{"taxonomy":"category","embeddable":true,"href":"https:\/\/www.caririemacao.com\/1\/wp-json\/wp\/v2\/categories?post=277939"},{"taxonomy":"post_tag","embeddable":true,"href":"https:\/\/www.caririemacao.com\/1\/wp-json\/wp\/v2\/tags?post=277939"}],"curies":[{"name":"wp","href":"https:\/\/api.w.org\/{rel}","templated":true}]}}