{"id":27822,"date":"2017-09-05T11:17:55","date_gmt":"2017-09-05T14:17:55","guid":{"rendered":"http:\/\/caririemacao.com\/1\/?p=27822"},"modified":"2017-09-05T11:17:55","modified_gmt":"2017-09-05T14:17:55","slug":"s-s-do-umbuzeiro-inicia-cadastramento-do-programa-garantia-safra-20172018","status":"publish","type":"post","link":"https:\/\/www.caririemacao.com\/1\/2017\/09\/05\/s-s-do-umbuzeiro-inicia-cadastramento-do-programa-garantia-safra-20172018\/","title":{"rendered":"S. S. do Umbuzeiro inicia cadastramento do Programa Garantia Safra 2017\/2018"},"content":{"rendered":"<p>A Prefeitura de S\u00e3o Sebasti\u00e3o do Umbuzeiro, atrav\u00e9s da Secretaria Municipal de Agricultura e em parceria com a Emater\/PB e CDMRS, iniciaram o cadastramento dos agricultores para o Programa Garantia Safra referente \u00e0 safra 2017\/2018. As inscri\u00e7\u00f5es seguem at\u00e9 o dia 28 de setembro.<\/p>\n<p>As inscri\u00e7\u00f5es se iniciaram no \u00faltimo dia 30 de agosto nas comunidades do Rio de Cip\u00f3, Riacho da Cruz, Barra de Cacimbas, Mesti\u00e7o e Boa Vista.<\/p>\n<p>J\u00e1 nesta ter\u00e7a-feira, 05, ser\u00e3o realizadas as inscri\u00e7\u00f5es dos agricultores e agricultoras dos s\u00edtios Ramada, Serrarias, Serrinha, Cajueiro e Tombador, na Casa de Beto, a partir das 8:00hs.<\/p>\n<p>Na quarta-feira dia, 06, as inscri\u00e7\u00f5es ser\u00e3o realizadas no Assentamento Estrela Dalva e Capit\u00e3o Mor. Local das inscri\u00e7\u00f5es ser\u00e1 na Sede Estrela Dalva, \u00e1s 08:00hs.<\/p>\n<p>Na pr\u00f3xima quarta-feira, dia 13, ser\u00e1 a vez das Comunidades da Balan\u00e7a, Boa Vista, Barreiras, e Currais. Local das inscri\u00e7\u00f5es ser\u00e1 na casa de Manoel de Adalberto, \u00e1s 08:00hs.<\/p>\n<p>Na quinta-feira, dia 14, ser\u00e1 a vez dos Assentamentos Juazeiro e Maria Bonita. Local das inscri\u00e7\u00f5es ser\u00e1 na casa de Roberto, \u00e1s 08:00hs e \u00e1s 10:00hs Sede Maria Bonita.<\/p>\n<p>No dia 19, ser\u00e1 a vez das Comunidades de Angico, Cachoeirinha, Santo Ant\u00f4nio, Ju\u00e1 e Pil\u00f5es. As inscri\u00e7\u00f5es ser\u00e3o realizadas no Grupo Escolar do Santo Ant\u00f4nio, \u00e1s 08:00hs.<\/p>\n<p>No dia 20 de setembro, o calend\u00e1rio continua nas comunidades do Assentamento Boa Sorte, Uni\u00e3o, Dois Riachos, Sal\u00e3o, e Po\u00e7o Entupido. As inscri\u00e7\u00f5es ser\u00e3o realizadas na Sede da Boa Sorte, \u00e1s 08:00hs.<\/p>\n<p>No dia 21 de setembro, ser\u00e1 a vez das comunidades da M\u00e3o Beijada, Assentamento dos Dez, Malhada da Aroeira e Ipueira do Rancho. As inscri\u00e7\u00f5es ser\u00e3o realizadas no Grupo Escolar da M\u00e3o Beijada, \u00e1s 08:00hs.<\/p>\n<p>Nos dias 27 e 28 de setembro encerrando calend\u00e1rio das inscri\u00e7\u00f5es, ser\u00e1 a vez das Comunidades Barra, Cacimbas, Jurema, Riacho da Ro\u00e7a, Deserto, Jaburu, Jardim, Salgado, Serrote Apertado e Arredores da Sede. As inscri\u00e7\u00f5es ser\u00e3o realizadas na casa de Chico de Mariano, \u00e1s 08:00hs.<\/p>\n<p><strong>CARIRI EM A\u00c7\u00c3O<\/strong><\/p>\n<p><em>Com Blog do Didi\/Foto: Reprodu\u00e7\u00e3o\u00a0<\/em><\/p>\n<p><strong>Leia mais not\u00edcias em\u00a0<\/strong><a href=\"http:\/\/www.caririemacao.com\/\"><strong>caririemacao.com<\/strong><\/a><strong>, siga nossa p\u00e1gina no\u00a0<\/strong><a href=\"https:\/\/www.facebook.com\/CaririEmAcao\/?ref=aymt_homepage_panel\"><strong>Facebook<\/strong><\/a>,<strong>\u00a0<\/strong><a href=\"https:\/\/www.instagram.com\/cariri_em_acao\/?hl=pt-br\"><strong>Instagram<\/strong><\/a><strong>\u00a0e <\/strong><a href=\"https:\/\/www.youtube.com\/channel\/UCAptA0jQuYQy8vMhLt2m4qg\"><strong>Youtube<\/strong><\/a><strong>\u00a0e veja nossas mat\u00e9rias, v\u00eddeos e fotos. Voc\u00ea tamb\u00e9m pode enviar informa\u00e7\u00f5es \u00e0 Reda\u00e7\u00e3o do Portal Cariri em A\u00e7\u00e3o pelo WhatsApp (83) 9 9634.5791, (83) 9 9601-1162.<\/strong><\/p>\n","protected":false},"excerpt":{"rendered":"<p>A Prefeitura de S\u00e3o Sebasti\u00e3o do Umbuzeiro, atrav\u00e9s da Secretaria Municipal de Agricultura e em parceria com a Emater\/PB e CDMRS, iniciaram o cadastramento dos&hellip; <\/p>\n","protected":false},"author":2,"featured_media":27823,"comment_status":"closed","ping_status":"closed","sticky":false,"template":"","format":"standard","meta":{"sfsi_plus_gutenberg_text_before_share":"","sfsi_plus_gutenberg_show_text_before_share":"","sfsi_plus_gutenberg_icon_type":"","sfsi_plus_gutenberg_icon_alignemt":"","sfsi_plus_gutenburg_max_per_row":"","footnotes":""},"categories":[2],"tags":[],"class_list":["post-27822","post","type-post","status-publish","format-standard","has-post-thumbnail","hentry","category-geral"],"_links":{"self":[{"href":"https:\/\/www.caririemacao.com\/1\/wp-json\/wp\/v2\/posts\/27822","targetHints":{"allow":["GET"]}}],"collection":[{"href":"https:\/\/www.caririemacao.com\/1\/wp-json\/wp\/v2\/posts"}],"about":[{"href":"https:\/\/www.caririemacao.com\/1\/wp-json\/wp\/v2\/types\/post"}],"author":[{"embeddable":true,"href":"https:\/\/www.caririemacao.com\/1\/wp-json\/wp\/v2\/users\/2"}],"replies":[{"embeddable":true,"href":"https:\/\/www.caririemacao.com\/1\/wp-json\/wp\/v2\/comments?post=27822"}],"version-history":[{"count":0,"href":"https:\/\/www.caririemacao.com\/1\/wp-json\/wp\/v2\/posts\/27822\/revisions"}],"wp:featuredmedia":[{"embeddable":true,"href":"https:\/\/www.caririemacao.com\/1\/wp-json\/wp\/v2\/media\/27823"}],"wp:attachment":[{"href":"https:\/\/www.caririemacao.com\/1\/wp-json\/wp\/v2\/media?parent=27822"}],"wp:term":[{"taxonomy":"category","embeddable":true,"href":"https:\/\/www.caririemacao.com\/1\/wp-json\/wp\/v2\/categories?post=27822"},{"taxonomy":"post_tag","embeddable":true,"href":"https:\/\/www.caririemacao.com\/1\/wp-json\/wp\/v2\/tags?post=27822"}],"curies":[{"name":"wp","href":"https:\/\/api.w.org\/{rel}","templated":true}]}}