{"id":27825,"date":"2017-09-05T11:31:42","date_gmt":"2017-09-05T14:31:42","guid":{"rendered":"http:\/\/caririemacao.com\/1\/?p=27825"},"modified":"2017-09-05T11:31:42","modified_gmt":"2017-09-05T14:31:42","slug":"tce-julga-contas-de-6-camaras-do-cariri","status":"publish","type":"post","link":"https:\/\/www.caririemacao.com\/1\/2017\/09\/05\/tce-julga-contas-de-6-camaras-do-cariri\/","title":{"rendered":"TCE julga contas de 6 C\u00e2maras do Cariri"},"content":{"rendered":"<p>O Tribunal de Contas da Para\u00edba vai se reunir, nesta quarta-feira (6), para a an\u00e1lise de 58 processos neles inclu\u00eddos as presta\u00e7\u00f5es anuais de contas de cinco Prefeituras e de 36 C\u00e2maras de Vereadores.<\/p>\n<p>Constam da pauta do TCE as contas dos atuais prefeitos de Tacima (Erivan Bezerra Daniel, exerc\u00edcio de 2015) e de Matinhas (Maria de F\u00e1tima Silva). Tamb\u00e9m, as dos ex-prefeitos de Areia de Bara\u00fanas (Vanderlita Guedes Pereira, 2014), Santa Cruz (Raimundo Antunes Batista, 2015) e Duas Estradas (Edson Gomes de Luna, 2015).<\/p>\n<p>As C\u00e2maras Municipais com presta\u00e7\u00f5es de contas inscritas nessa mesma pauta s\u00e3o as de Cacimba de Areia, Vista Serrana, S\u00e3o Jos\u00e9 do Bomfim, S\u00e3o Francisco, Igaracy, Curral Velho, Nova Olinda, Boa Ventura, Serra Grande, S\u00e3o Domingos, <strong>Assun\u00e7\u00e3o<\/strong>, Sert\u00e3ozinho, Mulungu, Cacimba de Dentro, Pirpirituba.<\/p>\n<p>Ainda, Logradouro, Riach\u00e3o, Jacara\u00fa, Jeric\u00f3, Mana\u00edra, <strong>Cabaceiras<\/strong>, Algod\u00e3o de Janda\u00edra, Vieir\u00f3polis, <strong>Gurj\u00e3o<\/strong>, <strong>Parari<\/strong>, Montadas, Barra de Santana, <strong>Barra de S\u00e3o Miguel<\/strong>, S\u00e3o Jos\u00e9 de Espinharas, Santa Luzia, <strong>S\u00e3o Domingos do Cariri<\/strong>, Salgadinho, Lagoa, S\u00e3o Jos\u00e9 dos Ramos, Caldas Brand\u00e3o e Paulista.<\/p>\n<p>\u00d3rg\u00e3o presidido pelo conselheiro Andr\u00e9 Carlo Torres Pontes, o Tribunal de Contas do estado re\u00fane-se, ordinariamente, \u00e0s quartas-feiras, a partir das 9 horas, com acesso permitido ao p\u00fablico e transmiss\u00f5es ao vivo pela TV TCE-PB (Canal no Youtube).<\/p>\n<p><strong>CARIRI EM A\u00c7\u00c3O<\/strong><\/p>\n<p><em>Com Mais PB \/Foto: Google<\/em><\/p>\n<p><strong>Leia mais not\u00edcias em\u00a0<\/strong><a href=\"http:\/\/www.caririemacao.com\/\"><strong>caririemacao.com<\/strong><\/a><strong>, siga nossa p\u00e1gina no\u00a0<\/strong><a href=\"https:\/\/www.facebook.com\/CaririEmAcao\/?ref=aymt_homepage_panel\"><strong>Facebook<\/strong><\/a>,<strong>\u00a0<\/strong><a href=\"https:\/\/www.instagram.com\/cariri_em_acao\/?hl=pt-br\"><strong>Instagram<\/strong><\/a><strong>\u00a0e <\/strong><a href=\"https:\/\/www.youtube.com\/channel\/UCAptA0jQuYQy8vMhLt2m4qg\"><strong>Youtube<\/strong><\/a><strong>\u00a0e veja nossas mat\u00e9rias, v\u00eddeos e fotos. Voc\u00ea tamb\u00e9m pode enviar informa\u00e7\u00f5es \u00e0 Reda\u00e7\u00e3o do Portal Cariri em A\u00e7\u00e3o pelo WhatsApp (83) 9 9634.5791, (83) 9 9601-1162.<\/strong><\/p>\n","protected":false},"excerpt":{"rendered":"<p>O Tribunal de Contas da Para\u00edba vai se reunir, nesta quarta-feira (6), para a an\u00e1lise de 58 processos neles inclu\u00eddos as presta\u00e7\u00f5es anuais de contas&hellip; <\/p>\n","protected":false},"author":2,"featured_media":27826,"comment_status":"closed","ping_status":"closed","sticky":false,"template":"","format":"standard","meta":{"sfsi_plus_gutenberg_text_before_share":"","sfsi_plus_gutenberg_show_text_before_share":"","sfsi_plus_gutenberg_icon_type":"","sfsi_plus_gutenberg_icon_alignemt":"","sfsi_plus_gutenburg_max_per_row":"","footnotes":""},"categories":[2],"tags":[],"class_list":["post-27825","post","type-post","status-publish","format-standard","has-post-thumbnail","hentry","category-geral"],"_links":{"self":[{"href":"https:\/\/www.caririemacao.com\/1\/wp-json\/wp\/v2\/posts\/27825","targetHints":{"allow":["GET"]}}],"collection":[{"href":"https:\/\/www.caririemacao.com\/1\/wp-json\/wp\/v2\/posts"}],"about":[{"href":"https:\/\/www.caririemacao.com\/1\/wp-json\/wp\/v2\/types\/post"}],"author":[{"embeddable":true,"href":"https:\/\/www.caririemacao.com\/1\/wp-json\/wp\/v2\/users\/2"}],"replies":[{"embeddable":true,"href":"https:\/\/www.caririemacao.com\/1\/wp-json\/wp\/v2\/comments?post=27825"}],"version-history":[{"count":0,"href":"https:\/\/www.caririemacao.com\/1\/wp-json\/wp\/v2\/posts\/27825\/revisions"}],"wp:featuredmedia":[{"embeddable":true,"href":"https:\/\/www.caririemacao.com\/1\/wp-json\/wp\/v2\/media\/27826"}],"wp:attachment":[{"href":"https:\/\/www.caririemacao.com\/1\/wp-json\/wp\/v2\/media?parent=27825"}],"wp:term":[{"taxonomy":"category","embeddable":true,"href":"https:\/\/www.caririemacao.com\/1\/wp-json\/wp\/v2\/categories?post=27825"},{"taxonomy":"post_tag","embeddable":true,"href":"https:\/\/www.caririemacao.com\/1\/wp-json\/wp\/v2\/tags?post=27825"}],"curies":[{"name":"wp","href":"https:\/\/api.w.org\/{rel}","templated":true}]}}