{"id":27828,"date":"2017-09-05T11:42:24","date_gmt":"2017-09-05T14:42:24","guid":{"rendered":"http:\/\/caririemacao.com\/1\/?p=27828"},"modified":"2017-09-05T11:42:24","modified_gmt":"2017-09-05T14:42:24","slug":"ricardo-ratifica-candidatura-propria-do-psb-e-espera-apoio-do-pmdb","status":"publish","type":"post","link":"https:\/\/www.caririemacao.com\/1\/2017\/09\/05\/ricardo-ratifica-candidatura-propria-do-psb-e-espera-apoio-do-pmdb\/","title":{"rendered":"Ricardo ratifica candidatura pr\u00f3pria do PSB e espera apoio do PMDB"},"content":{"rendered":"<p>O governador Ricardo Coutinho (PSB) afirmou na noite desta segunda-feira (4), durante entrevista ao Programa Frente a Frente da TV Arapuan, que o PSB s\u00f3 tem um \u00fanico plano, que \u00e9 a candidatura pr\u00f3pria ao Governo do Estado.<\/p>\n<p>Ele disse que PSB tem um legado de trabalho e a\u00e7\u00f5es para o estado e \u00e9 leg\u00edtimo que o partido dispute a sucess\u00e3o estadual. Ricardo voltou a defender a candidatura de Jos\u00e9 Maranh\u00e3o, entretanto, deixou claro que vai tentar o apoio de Maranh\u00e3o aos socialistas.<\/p>\n<p>\u201cO \u00fanico plano \u00e9 o PSB defender seu legado e seu projeto. O que eu disse \u00e9 que uma personalidade como o senador Maranh\u00e3o tem o direito de se candidatar. Agora, se o PMDB quiser nos apoiar, n\u00f3s vamos estar abertos a dialogar, mas vamos defender o nosso projeto em todo estado\u201d, declarou.<\/p>\n<p><strong>CARIRI EM A\u00c7\u00c3O<\/strong><\/p>\n<p><em>Com Wscom\/Foto: Google<\/em><\/p>\n<p><strong>Leia mais not\u00edcias em\u00a0<\/strong><a href=\"http:\/\/www.caririemacao.com\/\"><strong>caririemacao.com<\/strong><\/a><strong>, siga nossa p\u00e1gina no\u00a0<\/strong><a href=\"https:\/\/www.facebook.com\/CaririEmAcao\/?ref=aymt_homepage_panel\"><strong>Facebook<\/strong><\/a>,<strong>\u00a0<\/strong><a href=\"https:\/\/www.instagram.com\/cariri_em_acao\/?hl=pt-br\"><strong>Instagram<\/strong><\/a><strong>\u00a0e <\/strong><a href=\"https:\/\/www.youtube.com\/channel\/UCAptA0jQuYQy8vMhLt2m4qg\"><strong>Youtube<\/strong><\/a><strong>\u00a0e veja nossas mat\u00e9rias, v\u00eddeos e fotos. Voc\u00ea tamb\u00e9m pode enviar informa\u00e7\u00f5es \u00e0 Reda\u00e7\u00e3o do Portal Cariri em A\u00e7\u00e3o pelo WhatsApp (83) 9 9634.5791, (83) 9 9601-1162.<\/strong><\/p>\n","protected":false},"excerpt":{"rendered":"<p>O governador Ricardo Coutinho (PSB) afirmou na noite desta segunda-feira (4), durante entrevista ao Programa Frente a Frente da TV Arapuan, que o PSB s\u00f3&hellip; <\/p>\n","protected":false},"author":2,"featured_media":27829,"comment_status":"closed","ping_status":"closed","sticky":false,"template":"","format":"standard","meta":{"sfsi_plus_gutenberg_text_before_share":"","sfsi_plus_gutenberg_show_text_before_share":"","sfsi_plus_gutenberg_icon_type":"","sfsi_plus_gutenberg_icon_alignemt":"","sfsi_plus_gutenburg_max_per_row":"","footnotes":""},"categories":[11],"tags":[],"class_list":["post-27828","post","type-post","status-publish","format-standard","has-post-thumbnail","hentry","category-politica"],"_links":{"self":[{"href":"https:\/\/www.caririemacao.com\/1\/wp-json\/wp\/v2\/posts\/27828","targetHints":{"allow":["GET"]}}],"collection":[{"href":"https:\/\/www.caririemacao.com\/1\/wp-json\/wp\/v2\/posts"}],"about":[{"href":"https:\/\/www.caririemacao.com\/1\/wp-json\/wp\/v2\/types\/post"}],"author":[{"embeddable":true,"href":"https:\/\/www.caririemacao.com\/1\/wp-json\/wp\/v2\/users\/2"}],"replies":[{"embeddable":true,"href":"https:\/\/www.caririemacao.com\/1\/wp-json\/wp\/v2\/comments?post=27828"}],"version-history":[{"count":0,"href":"https:\/\/www.caririemacao.com\/1\/wp-json\/wp\/v2\/posts\/27828\/revisions"}],"wp:featuredmedia":[{"embeddable":true,"href":"https:\/\/www.caririemacao.com\/1\/wp-json\/wp\/v2\/media\/27829"}],"wp:attachment":[{"href":"https:\/\/www.caririemacao.com\/1\/wp-json\/wp\/v2\/media?parent=27828"}],"wp:term":[{"taxonomy":"category","embeddable":true,"href":"https:\/\/www.caririemacao.com\/1\/wp-json\/wp\/v2\/categories?post=27828"},{"taxonomy":"post_tag","embeddable":true,"href":"https:\/\/www.caririemacao.com\/1\/wp-json\/wp\/v2\/tags?post=27828"}],"curies":[{"name":"wp","href":"https:\/\/api.w.org\/{rel}","templated":true}]}}