{"id":27831,"date":"2017-09-05T11:49:00","date_gmt":"2017-09-05T14:49:00","guid":{"rendered":"http:\/\/caririemacao.com\/1\/?p=27831"},"modified":"2017-09-05T11:49:00","modified_gmt":"2017-09-05T14:49:00","slug":"pf-encontra-bunker-com-malas-de-dinheiro-em-imovel-ligado-a-geddel","status":"publish","type":"post","link":"https:\/\/www.caririemacao.com\/1\/2017\/09\/05\/pf-encontra-bunker-com-malas-de-dinheiro-em-imovel-ligado-a-geddel\/","title":{"rendered":"PF encontra &#8216;bunker&#8217; com malas de dinheiro em im\u00f3vel ligado a Geddel"},"content":{"rendered":"<p>A Pol\u00edcia Federal encontrou nesta ter\u00e7a-feira (5) um &#8220;bunker&#8221; com milhares de notas em reais que, segundo a investiga\u00e7\u00e3o, \u00e9 usado por Geddel Vieira Lima, ex-ministro de Michel Temer.<\/p>\n<p>A opera\u00e7\u00e3o, nomeada de Tesouro Perdido, foi autorizada pela 10\u00aa Vara Federal de Brasilia.<\/p>\n<p>Os valores apreendidos ser\u00e3o transportados a um banco onde ser\u00e1 contabilizado e depositado em conta judicial.<\/p>\n<p>Segundo a PF, ap\u00f3s as \u00faltimas fases da Opera\u00e7\u00e3o Cui Bono, foi poss\u00edvel chegar a um endere\u00e7o, em Salvador, que seria utilizado para armazenagem de dinheiro.<\/p>\n<p>Geddel foi\u00a0preso\u00a0no dia 3 de julho, mas\u00a0conseguiu\u00a0um habeas corpus para cumprir pris\u00e3o domiciliar em sua casa, na capital baiana, situa\u00e7\u00e3o em que se encontra ainda hoje.<\/p>\n<p><strong>CARIRI EM A\u00c7\u00c3O<\/strong><\/p>\n<p>Com Folha de S\u00e3o Paulo\/ Foto: Divulga\u00e7\u00e3o<\/p>\n<p><strong>Leia mais not\u00edcias em\u00a0<\/strong><a href=\"http:\/\/www.caririemacao.com\/\"><strong>caririemacao.com<\/strong><\/a><strong>, siga nossa p\u00e1gina no\u00a0<\/strong><a href=\"https:\/\/www.facebook.com\/CaririEmAcao\/?ref=aymt_homepage_panel\"><strong>Facebook<\/strong><\/a>,<strong>\u00a0<\/strong><a href=\"https:\/\/www.instagram.com\/cariri_em_acao\/?hl=pt-br\"><strong>Instagram<\/strong><\/a><strong>\u00a0e <\/strong><a href=\"https:\/\/www.youtube.com\/channel\/UCAptA0jQuYQy8vMhLt2m4qg\"><strong>Youtube<\/strong><\/a><strong>\u00a0e veja nossas mat\u00e9rias, v\u00eddeos e fotos. Voc\u00ea tamb\u00e9m pode enviar informa\u00e7\u00f5es \u00e0 Reda\u00e7\u00e3o do Portal Cariri em A\u00e7\u00e3o pelo WhatsApp (83) 9 9634.5791, (83) 9 9601-1162.<\/strong><\/p>\n","protected":false},"excerpt":{"rendered":"<p>A Pol\u00edcia Federal encontrou nesta ter\u00e7a-feira (5) um &#8220;bunker&#8221; com milhares de notas em reais que, segundo a investiga\u00e7\u00e3o, \u00e9 usado por Geddel Vieira Lima,&hellip; <\/p>\n","protected":false},"author":2,"featured_media":27832,"comment_status":"closed","ping_status":"closed","sticky":false,"template":"","format":"standard","meta":{"sfsi_plus_gutenberg_text_before_share":"","sfsi_plus_gutenberg_show_text_before_share":"","sfsi_plus_gutenberg_icon_type":"","sfsi_plus_gutenberg_icon_alignemt":"","sfsi_plus_gutenburg_max_per_row":"","footnotes":""},"categories":[12],"tags":[],"class_list":["post-27831","post","type-post","status-publish","format-standard","has-post-thumbnail","hentry","category-policia"],"_links":{"self":[{"href":"https:\/\/www.caririemacao.com\/1\/wp-json\/wp\/v2\/posts\/27831","targetHints":{"allow":["GET"]}}],"collection":[{"href":"https:\/\/www.caririemacao.com\/1\/wp-json\/wp\/v2\/posts"}],"about":[{"href":"https:\/\/www.caririemacao.com\/1\/wp-json\/wp\/v2\/types\/post"}],"author":[{"embeddable":true,"href":"https:\/\/www.caririemacao.com\/1\/wp-json\/wp\/v2\/users\/2"}],"replies":[{"embeddable":true,"href":"https:\/\/www.caririemacao.com\/1\/wp-json\/wp\/v2\/comments?post=27831"}],"version-history":[{"count":0,"href":"https:\/\/www.caririemacao.com\/1\/wp-json\/wp\/v2\/posts\/27831\/revisions"}],"wp:featuredmedia":[{"embeddable":true,"href":"https:\/\/www.caririemacao.com\/1\/wp-json\/wp\/v2\/media\/27832"}],"wp:attachment":[{"href":"https:\/\/www.caririemacao.com\/1\/wp-json\/wp\/v2\/media?parent=27831"}],"wp:term":[{"taxonomy":"category","embeddable":true,"href":"https:\/\/www.caririemacao.com\/1\/wp-json\/wp\/v2\/categories?post=27831"},{"taxonomy":"post_tag","embeddable":true,"href":"https:\/\/www.caririemacao.com\/1\/wp-json\/wp\/v2\/tags?post=27831"}],"curies":[{"name":"wp","href":"https:\/\/api.w.org\/{rel}","templated":true}]}}