{"id":278325,"date":"2023-12-09T13:54:40","date_gmt":"2023-12-09T16:54:40","guid":{"rendered":"https:\/\/www.caririemacao.com\/1\/?p=278325"},"modified":"2023-12-09T13:54:40","modified_gmt":"2023-12-09T16:54:40","slug":"camara-de-monteiro-entrega-mocao-de-aplausos-pelo-aniversario-de-14-anos-da-radio-monteiro-fm","status":"publish","type":"post","link":"https:\/\/www.caririemacao.com\/1\/2023\/12\/09\/camara-de-monteiro-entrega-mocao-de-aplausos-pelo-aniversario-de-14-anos-da-radio-monteiro-fm\/","title":{"rendered":"C\u00e2mara de Monteiro entrega mo\u00e7\u00e3o de aplausos pelo anivers\u00e1rio de 14 anos da r\u00e1dio Monteiro FM"},"content":{"rendered":"<p style=\"font-weight: 400;\">O vereador e presidente da C\u00e2mara Municipal de Monteiro prestigiou na manh\u00e3 deste s\u00e1bado, a programa\u00e7\u00e3o cultural promovida pela r\u00e1dio MONTEIRO FM, na feira livre do munic\u00edpio, em comemora\u00e7\u00e3o ao anivers\u00e1rio de 14\u00a0\u00a0anos de atua\u00e7\u00e3o da emissora no munic\u00edpio.<\/p>\n<p style=\"font-weight: 400;\">Na ocasi\u00e3o, o vereador entregou uma mo\u00e7\u00e3o de aplausos, que foi propositura sua, subscrita por todos os demais vereadores, ao apresentador Z\u00e9 Pequeno, que em nome do atual diretor da emissora Emanuel Costa que tamb\u00e9m estava presente, representou o empres\u00e1rio e artista monteirense Fl\u00e1vio Jos\u00e9, propriet\u00e1rio da emissora.<\/p>\n<p style=\"font-weight: 400;\">Lito esteve acompanhado dos tamb\u00e9m vereadores, Caj\u00f3 Menezes, C\u00edcero do Mulung\u00fa, Juraci Conrado, Sargento Farias e Bi\u00e3o Nunes, e aproveitou para parabenizar a emissora e toda sua equipe pela data.<\/p>\n<p><img fetchpriority=\"high\" decoding=\"async\" class=\"aligncenter\" src=\"https:\/\/blogger.googleusercontent.com\/img\/b\/R29vZ2xl\/AVvXsEiY1lEI3u9XfOsn8DqgbtDjAPQyTD1ovY62IEXVKy6kRBpU4PXussd0QG-dWPdyjTW_rtTYouebOGNaGDS6ddw-72mLbT9417cliJ_leifyttm6TVflHXuUx8x-g_3Au5yYg6scolu0yCY6Ze9yFfei4heL8e3vJ5m2ypJYv-hn925WfR_kC1txKzHIgGSx\/s320\/IMG-20231209-WA0202.jpg\" width=\"372\" height=\"249\" \/><br style=\"font-weight: 400;\" \/><span style=\"font-weight: 400;\"><br \/>\n<\/span><\/p>\n<p style=\"font-weight: 400;\">\u201cA R\u00e1dio Monteiro FM \u00e9 um patrim\u00f4nio nosso, fruto do sonho e do empenho deste g\u00eanio da m\u00fasica e do ramo empresarial Fl\u00e1vio Jos\u00e9. Uma r\u00e1dio que prioriza a m\u00fasica e a cultura autentica de nossa gente, que n\u00e3o permite programa\u00e7\u00e3o com baixaria e m\u00fasicas sem qualidade, e que pratica um jornalismo s\u00e9rio e imparcial. Por tudo isso, parab\u00e9ns \u00e0 Monteiro FM pelos seus 14 anos, e \u00e0 toda sua competente equipe\u201d, parabenizou Lito de Dona Socorro.<\/p>\n","protected":false},"excerpt":{"rendered":"<p>O vereador e presidente da C\u00e2mara Municipal de Monteiro prestigiou na manh\u00e3 deste s\u00e1bado, a programa\u00e7\u00e3o cultural promovida pela r\u00e1dio MONTEIRO FM, na feira livre&hellip; <\/p>\n","protected":false},"author":6,"featured_media":278326,"comment_status":"closed","ping_status":"closed","sticky":false,"template":"","format":"standard","meta":{"sfsi_plus_gutenberg_text_before_share":"","sfsi_plus_gutenberg_show_text_before_share":"","sfsi_plus_gutenberg_icon_type":"","sfsi_plus_gutenberg_icon_alignemt":"","sfsi_plus_gutenburg_max_per_row":"","footnotes":""},"categories":[50,81],"tags":[],"class_list":["post-278325","post","type-post","status-publish","format-standard","has-post-thumbnail","hentry","category-destaque","category-monteiro"],"_links":{"self":[{"href":"https:\/\/www.caririemacao.com\/1\/wp-json\/wp\/v2\/posts\/278325","targetHints":{"allow":["GET"]}}],"collection":[{"href":"https:\/\/www.caririemacao.com\/1\/wp-json\/wp\/v2\/posts"}],"about":[{"href":"https:\/\/www.caririemacao.com\/1\/wp-json\/wp\/v2\/types\/post"}],"author":[{"embeddable":true,"href":"https:\/\/www.caririemacao.com\/1\/wp-json\/wp\/v2\/users\/6"}],"replies":[{"embeddable":true,"href":"https:\/\/www.caririemacao.com\/1\/wp-json\/wp\/v2\/comments?post=278325"}],"version-history":[{"count":1,"href":"https:\/\/www.caririemacao.com\/1\/wp-json\/wp\/v2\/posts\/278325\/revisions"}],"predecessor-version":[{"id":278327,"href":"https:\/\/www.caririemacao.com\/1\/wp-json\/wp\/v2\/posts\/278325\/revisions\/278327"}],"wp:featuredmedia":[{"embeddable":true,"href":"https:\/\/www.caririemacao.com\/1\/wp-json\/wp\/v2\/media\/278326"}],"wp:attachment":[{"href":"https:\/\/www.caririemacao.com\/1\/wp-json\/wp\/v2\/media?parent=278325"}],"wp:term":[{"taxonomy":"category","embeddable":true,"href":"https:\/\/www.caririemacao.com\/1\/wp-json\/wp\/v2\/categories?post=278325"},{"taxonomy":"post_tag","embeddable":true,"href":"https:\/\/www.caririemacao.com\/1\/wp-json\/wp\/v2\/tags?post=278325"}],"curies":[{"name":"wp","href":"https:\/\/api.w.org\/{rel}","templated":true}]}}