{"id":278328,"date":"2023-12-09T20:02:10","date_gmt":"2023-12-09T23:02:10","guid":{"rendered":"https:\/\/www.caririemacao.com\/1\/?p=278328"},"modified":"2023-12-09T20:02:10","modified_gmt":"2023-12-09T23:02:10","slug":"farmacia-dia-e-noite-em-monteiro-realiza-15-edicao-da-acao-social-com-sorteios-e-realizacao-de-servicos-para-a-populacao","status":"publish","type":"post","link":"https:\/\/www.caririemacao.com\/1\/2023\/12\/09\/farmacia-dia-e-noite-em-monteiro-realiza-15-edicao-da-acao-social-com-sorteios-e-realizacao-de-servicos-para-a-populacao\/","title":{"rendered":"Farm\u00e1cia Dia e Noite em Monteiro realiza 15\u00b0 edi\u00e7\u00e3o da a\u00e7\u00e3o social com sorteios e realiza\u00e7\u00e3o de servi\u00e7os para a popula\u00e7\u00e3o"},"content":{"rendered":"<p>Neste s\u00e1bado (09), a Farm\u00e1cia Dia e Noite de Monteiro promoveu a 15\u00aa edi\u00e7\u00e3o da a\u00e7\u00e3o social. O evento contou com a presen\u00e7a de diversas autoridades locais, incluindo a prefeita Anna Lorena, a Secret\u00e1ria de Sa\u00fade, Ana Paula, vereadores, e a participa\u00e7\u00e3o expressiva da popula\u00e7\u00e3o.<\/p>\n<p>A a\u00e7\u00e3o social proporcionou um dia especial para os moradores de Monteiro, oferecendo uma variedade de atividades e servi\u00e7os. Entre os destaques, houve sorteios de brindes, motos, TV, al\u00e9m de servi\u00e7os de sa\u00fade e beleza.<\/p>\n<p>Em contato com o Cariri em A\u00e7\u00e3o, a empres\u00e1ria Patr\u00edcia, respons\u00e1vel pela Farm\u00e1cia Dia e Noite, expressou sua satisfa\u00e7\u00e3o por realizar mais uma grande a\u00e7\u00e3o social.<\/p>\n<p>&#8220;Estamos muito felizes em realizar mais uma edi\u00e7\u00e3o dessa a\u00e7\u00e3o social. Ver a participa\u00e7\u00e3o da popula\u00e7\u00e3o e a presen\u00e7a das autoridades locais nos motiva a continuar investindo em iniciativas que tragam benef\u00edcios reais para nossa comunidade,&#8221; destacou.<\/p>\n<p>&nbsp;<\/p>\n<p><strong>CARIRI EM A\u00c7\u00c3O<\/strong><\/p>\n","protected":false},"excerpt":{"rendered":"<p>Neste s\u00e1bado (09), a Farm\u00e1cia Dia e Noite de Monteiro promoveu a 15\u00aa edi\u00e7\u00e3o da a\u00e7\u00e3o social. O evento contou com a presen\u00e7a de diversas&hellip; <\/p>\n","protected":false},"author":6,"featured_media":278329,"comment_status":"closed","ping_status":"closed","sticky":false,"template":"","format":"standard","meta":{"sfsi_plus_gutenberg_text_before_share":"","sfsi_plus_gutenberg_show_text_before_share":"","sfsi_plus_gutenberg_icon_type":"","sfsi_plus_gutenberg_icon_alignemt":"","sfsi_plus_gutenburg_max_per_row":"","footnotes":""},"categories":[50,81,1],"tags":[],"class_list":["post-278328","post","type-post","status-publish","format-standard","has-post-thumbnail","hentry","category-destaque","category-monteiro","category-o-site"],"_links":{"self":[{"href":"https:\/\/www.caririemacao.com\/1\/wp-json\/wp\/v2\/posts\/278328","targetHints":{"allow":["GET"]}}],"collection":[{"href":"https:\/\/www.caririemacao.com\/1\/wp-json\/wp\/v2\/posts"}],"about":[{"href":"https:\/\/www.caririemacao.com\/1\/wp-json\/wp\/v2\/types\/post"}],"author":[{"embeddable":true,"href":"https:\/\/www.caririemacao.com\/1\/wp-json\/wp\/v2\/users\/6"}],"replies":[{"embeddable":true,"href":"https:\/\/www.caririemacao.com\/1\/wp-json\/wp\/v2\/comments?post=278328"}],"version-history":[{"count":1,"href":"https:\/\/www.caririemacao.com\/1\/wp-json\/wp\/v2\/posts\/278328\/revisions"}],"predecessor-version":[{"id":278330,"href":"https:\/\/www.caririemacao.com\/1\/wp-json\/wp\/v2\/posts\/278328\/revisions\/278330"}],"wp:featuredmedia":[{"embeddable":true,"href":"https:\/\/www.caririemacao.com\/1\/wp-json\/wp\/v2\/media\/278329"}],"wp:attachment":[{"href":"https:\/\/www.caririemacao.com\/1\/wp-json\/wp\/v2\/media?parent=278328"}],"wp:term":[{"taxonomy":"category","embeddable":true,"href":"https:\/\/www.caririemacao.com\/1\/wp-json\/wp\/v2\/categories?post=278328"},{"taxonomy":"post_tag","embeddable":true,"href":"https:\/\/www.caririemacao.com\/1\/wp-json\/wp\/v2\/tags?post=278328"}],"curies":[{"name":"wp","href":"https:\/\/api.w.org\/{rel}","templated":true}]}}