{"id":278331,"date":"2023-12-10T07:22:19","date_gmt":"2023-12-10T10:22:19","guid":{"rendered":"https:\/\/www.caririemacao.com\/1\/?p=278331"},"modified":"2023-12-10T07:22:19","modified_gmt":"2023-12-10T10:22:19","slug":"se-tiver-que-fazer-deficit-vamos-fazer-diz-lider-do-governo-na-camara","status":"publish","type":"post","link":"https:\/\/www.caririemacao.com\/1\/2023\/12\/10\/se-tiver-que-fazer-deficit-vamos-fazer-diz-lider-do-governo-na-camara\/","title":{"rendered":"Se tiver que fazer d\u00e9ficit, vamos fazer, diz l\u00edder do governo na C\u00e2mara"},"content":{"rendered":"<header class=\"pg-newDetail__header\">\n<div class=\"gs-container\">\n<div class=\"pg-newDetail__header__content\">\n<p class=\"pg-newDetail__resume\"><em><strong>Deputado avaliou que a busca pela meta de zerar o rombo das contas p\u00fablicas pode fazer com que a sigla perca as elei\u00e7\u00f5es municipais.<\/strong><\/em><\/p>\n<\/div>\n<\/div>\n<\/header>\n<div class=\"pg-newDetail__main gs-container\">\n<p>O l\u00edder do governo na C\u00e2mara, Jos\u00e9 Guimar\u00e3es (PT), afirmou ontem s\u00e1bado, 9, que deve haver d\u00e9ficit or\u00e7ament\u00e1rio ano que vem se for preciso.<\/p>\n<p>O deputado avaliou que a busca pela meta de zerar o rombo das contas p\u00fablicas pode fazer com que a sigla perca as elei\u00e7\u00f5es municipais. Ele defendeu ainda que \u00e9 necess\u00e1rio \u201cmobilizar bem\u201d a milit\u00e2ncia para que a legenda saia vitoriosa na disputa pelas prefeituras em 2024.<\/p>\n<p>Guimar\u00e3es falou por cerca de 15 minutos durante uma mesa na Confer\u00eancia Eleitoral do PT, em Bras\u00edlia. \u201cEu estava agora ali conversando com a presidente Gleisi (Hoffmann). Se tiver que fazer d\u00e9ficit, n\u00f3s vamos ter que fazer. Sen\u00e3o a gente n\u00e3o ganha elei\u00e7\u00e3o em 2024\u201d, afirmou.<\/p>\n<p>No mesmo evento, Gleisi e o ministro da Fazenda, Fernando Haddad, discordaram sobre o rumo da pol\u00edtica econ\u00f4mica do governo. Depois de a presidente do PT criticar a meta de acabar com o rombo fiscal, o chefe da equipe econ\u00f4mica disse que \u201cn\u00e3o \u00e9 verdade\u201d que o d\u00e9ficit nas contas p\u00fablicas gera crescimento. \u201cN\u00e3o existe essa correspond\u00eancia, n\u00e3o \u00e9 assim que funciona a economia\u201d, declarou Haddad.<\/p>\n<p>A disputa no governo em torno da meta fiscal esquentou no final de outubro, quando Lula disse que \u201cdificilmente\u201d o governo conseguiria zerar o rombo das contas p\u00fablicas em 2024. Diante dessa declara\u00e7\u00e3o, o ministro da Casa Civil, Rui Costa, aumentou a press\u00e3o para uma mudan\u00e7a na meta para um d\u00e9ficit de 0,50% no ano que vem.<\/p>\n<p>No entanto, Haddad conseguiu convencer o presidente da Rep\u00fablica a manter a meta zero pelo menos at\u00e9 mar\u00e7o, enquanto ele tenta aprovar no Congresso projetos que aumentem a arrecada\u00e7\u00e3o.<\/p>\n<p>\u201cN\u00f3s precisamos mobilizar bem. \u00c9 claro que o Governo Lula tem uma responsabilidade fiscal muito grande. Todo mundo sabe disso. Agora, n\u00f3s temos um problema\u201d, declarou Guimar\u00e3es.<\/p>\n<p>FONTE: ClickPB<\/p>\n<\/div>\n","protected":false},"excerpt":{"rendered":"<p>Deputado avaliou que a busca pela meta de zerar o rombo das contas p\u00fablicas pode fazer com que a sigla perca as elei\u00e7\u00f5es municipais. O&hellip; <\/p>\n","protected":false},"author":6,"featured_media":278332,"comment_status":"closed","ping_status":"closed","sticky":false,"template":"","format":"standard","meta":{"sfsi_plus_gutenberg_text_before_share":"","sfsi_plus_gutenberg_show_text_before_share":"","sfsi_plus_gutenberg_icon_type":"","sfsi_plus_gutenberg_icon_alignemt":"","sfsi_plus_gutenburg_max_per_row":"","footnotes":""},"categories":[50],"tags":[],"class_list":["post-278331","post","type-post","status-publish","format-standard","has-post-thumbnail","hentry","category-destaque"],"_links":{"self":[{"href":"https:\/\/www.caririemacao.com\/1\/wp-json\/wp\/v2\/posts\/278331","targetHints":{"allow":["GET"]}}],"collection":[{"href":"https:\/\/www.caririemacao.com\/1\/wp-json\/wp\/v2\/posts"}],"about":[{"href":"https:\/\/www.caririemacao.com\/1\/wp-json\/wp\/v2\/types\/post"}],"author":[{"embeddable":true,"href":"https:\/\/www.caririemacao.com\/1\/wp-json\/wp\/v2\/users\/6"}],"replies":[{"embeddable":true,"href":"https:\/\/www.caririemacao.com\/1\/wp-json\/wp\/v2\/comments?post=278331"}],"version-history":[{"count":1,"href":"https:\/\/www.caririemacao.com\/1\/wp-json\/wp\/v2\/posts\/278331\/revisions"}],"predecessor-version":[{"id":278333,"href":"https:\/\/www.caririemacao.com\/1\/wp-json\/wp\/v2\/posts\/278331\/revisions\/278333"}],"wp:featuredmedia":[{"embeddable":true,"href":"https:\/\/www.caririemacao.com\/1\/wp-json\/wp\/v2\/media\/278332"}],"wp:attachment":[{"href":"https:\/\/www.caririemacao.com\/1\/wp-json\/wp\/v2\/media?parent=278331"}],"wp:term":[{"taxonomy":"category","embeddable":true,"href":"https:\/\/www.caririemacao.com\/1\/wp-json\/wp\/v2\/categories?post=278331"},{"taxonomy":"post_tag","embeddable":true,"href":"https:\/\/www.caririemacao.com\/1\/wp-json\/wp\/v2\/tags?post=278331"}],"curies":[{"name":"wp","href":"https:\/\/api.w.org\/{rel}","templated":true}]}}