{"id":27866,"date":"2017-09-06T04:01:17","date_gmt":"2017-09-06T07:01:17","guid":{"rendered":"http:\/\/caririemacao.com\/1\/?p=27866"},"modified":"2017-09-06T06:47:19","modified_gmt":"2017-09-06T09:47:19","slug":"sume-realiza-1o-torneio-de-muares","status":"publish","type":"post","link":"https:\/\/www.caririemacao.com\/1\/2017\/09\/06\/sume-realiza-1o-torneio-de-muares\/","title":{"rendered":"Sum\u00e9 realiza 1\u00ba Torneio de Muares"},"content":{"rendered":"<p>A cidade de Sum\u00e9, no Cariri Paraibano, foi sede de um grande evento, o 1\u00ba Torneio de Muares. O evento aconteceu entre os dias 01, 02 3 03 de setembro, no Jockey Club Mandacar\u00fa, na Fazenda de Vandinho Braz.<\/p>\n<p><a href=\"http:\/\/caririemacao.com\/1\/wp-content\/uploads\/2017\/09\/DSC_0019-1.jpg\"><img fetchpriority=\"high\" decoding=\"async\" class=\"aligncenter wp-image-27868 size-full\" src=\"http:\/\/caririemacao.com\/1\/wp-content\/uploads\/2017\/09\/DSC_0019-1.jpg\" alt=\"\" width=\"600\" height=\"400\" srcset=\"https:\/\/www.caririemacao.com\/1\/wp-content\/uploads\/2017\/09\/DSC_0019-1.jpg 600w, https:\/\/www.caririemacao.com\/1\/wp-content\/uploads\/2017\/09\/DSC_0019-1-300x200.jpg 300w\" sizes=\"(max-width: 600px) 100vw, 600px\" \/><\/a><\/p>\n<p>No total, participaram 06 muares: Evandrinho Braz com o burro Conhaque, Junior Rodrigues (Esquilo) e Elias com a burra Pisadinha, Z\u00e9 de Gaud\u00eancio com a burra Gioconda, Galego do Sucuru com a burra Paula Fernandes e Nena do Sucuru com a burra Rita Kadilak.<\/p>\n<p style=\"text-align: center;\"><a href=\"http:\/\/caririemacao.com\/1\/wp-content\/uploads\/2017\/09\/21443138_1305557159567713_986583614_n.jpg\"><img decoding=\"async\" class=\"alignnone size-medium wp-image-27872 lazyload\" data-src=\"http:\/\/caririemacao.com\/1\/wp-content\/uploads\/2017\/09\/21443138_1305557159567713_986583614_n-300x225.jpg\" alt=\"\" width=\"300\" height=\"225\" data-srcset=\"https:\/\/www.caririemacao.com\/1\/wp-content\/uploads\/2017\/09\/21443138_1305557159567713_986583614_n-300x225.jpg 300w, https:\/\/www.caririemacao.com\/1\/wp-content\/uploads\/2017\/09\/21443138_1305557159567713_986583614_n.jpg 640w\" data-sizes=\"(max-width: 300px) 100vw, 300px\" src=\"data:image\/svg+xml;base64,PHN2ZyB3aWR0aD0iMSIgaGVpZ2h0PSIxIiB4bWxucz0iaHR0cDovL3d3dy53My5vcmcvMjAwMC9zdmciPjwvc3ZnPg==\" style=\"--smush-placeholder-width: 300px; --smush-placeholder-aspect-ratio: 300\/225;\" \/><\/a> <a href=\"http:\/\/caririemacao.com\/1\/wp-content\/uploads\/2017\/09\/21469736_1305557146234381_1234908758_n.jpg\"><img decoding=\"async\" class=\"alignnone size-medium wp-image-27873 lazyload\" data-src=\"http:\/\/caririemacao.com\/1\/wp-content\/uploads\/2017\/09\/21469736_1305557146234381_1234908758_n-300x225.jpg\" alt=\"\" width=\"300\" height=\"225\" data-srcset=\"https:\/\/www.caririemacao.com\/1\/wp-content\/uploads\/2017\/09\/21469736_1305557146234381_1234908758_n-300x225.jpg 300w, https:\/\/www.caririemacao.com\/1\/wp-content\/uploads\/2017\/09\/21469736_1305557146234381_1234908758_n.jpg 640w\" data-sizes=\"(max-width: 300px) 100vw, 300px\" src=\"data:image\/svg+xml;base64,PHN2ZyB3aWR0aD0iMSIgaGVpZ2h0PSIxIiB4bWxucz0iaHR0cDovL3d3dy53My5vcmcvMjAwMC9zdmciPjwvc3ZnPg==\" style=\"--smush-placeholder-width: 300px; --smush-placeholder-aspect-ratio: 300\/225;\" \/><\/a><\/p>\n<p>Depois de uma grande disputa, o primeiro lugar ficou com Conhaque de Evandrinho Braz, segundo lugar com Pisadinha de Esquilo e Elias, e terceiro lugar com Paula Fernandes de Galego do Sucuru, al\u00e9m da premia\u00e7\u00e3o para a Consola\u00e7\u00e3o de Rita Kadilak de Nena do Sucuru.<\/p>\n<p><a href=\"http:\/\/caririemacao.com\/1\/wp-content\/uploads\/2017\/09\/21397210_1305557076234388_2124482779_n.jpg\"><img decoding=\"async\" class=\"alignnone size-medium wp-image-27869 aligncenter lazyload\" data-src=\"http:\/\/caririemacao.com\/1\/wp-content\/uploads\/2017\/09\/21397210_1305557076234388_2124482779_n-225x300.jpg\" alt=\"\" width=\"225\" height=\"300\" data-srcset=\"https:\/\/www.caririemacao.com\/1\/wp-content\/uploads\/2017\/09\/21397210_1305557076234388_2124482779_n-225x300.jpg 225w, https:\/\/www.caririemacao.com\/1\/wp-content\/uploads\/2017\/09\/21397210_1305557076234388_2124482779_n.jpg 480w\" data-sizes=\"(max-width: 225px) 100vw, 225px\" src=\"data:image\/svg+xml;base64,PHN2ZyB3aWR0aD0iMSIgaGVpZ2h0PSIxIiB4bWxucz0iaHR0cDovL3d3dy53My5vcmcvMjAwMC9zdmciPjwvc3ZnPg==\" style=\"--smush-placeholder-width: 225px; --smush-placeholder-aspect-ratio: 225\/300;\" \/><\/a>No final, houve a premia\u00e7\u00e3o e uma homenagem a Z\u00e9 de Gaud\u00eancio, feita pelo vereador sumeense Bomba.<\/p>\n<p><a href=\"http:\/\/caririemacao.com\/1\/wp-content\/uploads\/2017\/09\/21397529_1305557136234382_609341990_n.jpg\"><img decoding=\"async\" class=\"alignnone size-medium wp-image-27871 aligncenter lazyload\" data-src=\"http:\/\/caririemacao.com\/1\/wp-content\/uploads\/2017\/09\/21397529_1305557136234382_609341990_n-225x300.jpg\" alt=\"\" width=\"225\" height=\"300\" data-srcset=\"https:\/\/www.caririemacao.com\/1\/wp-content\/uploads\/2017\/09\/21397529_1305557136234382_609341990_n-225x300.jpg 225w, https:\/\/www.caririemacao.com\/1\/wp-content\/uploads\/2017\/09\/21397529_1305557136234382_609341990_n.jpg 480w\" data-sizes=\"(max-width: 225px) 100vw, 225px\" src=\"data:image\/svg+xml;base64,PHN2ZyB3aWR0aD0iMSIgaGVpZ2h0PSIxIiB4bWxucz0iaHR0cDovL3d3dy53My5vcmcvMjAwMC9zdmciPjwvc3ZnPg==\" style=\"--smush-placeholder-width: 225px; --smush-placeholder-aspect-ratio: 225\/300;\" \/><\/a><\/p>\n<p><a href=\"http:\/\/caririemacao.com\/1\/wp-content\/uploads\/2017\/09\/21397411_1305557122901050_1958561383_n.jpg\"><img decoding=\"async\" class=\"size-medium wp-image-27870 aligncenter lazyload\" data-src=\"http:\/\/caririemacao.com\/1\/wp-content\/uploads\/2017\/09\/21397411_1305557122901050_1958561383_n-225x300.jpg\" alt=\"\" width=\"225\" height=\"300\" data-srcset=\"https:\/\/www.caririemacao.com\/1\/wp-content\/uploads\/2017\/09\/21397411_1305557122901050_1958561383_n-225x300.jpg 225w, https:\/\/www.caririemacao.com\/1\/wp-content\/uploads\/2017\/09\/21397411_1305557122901050_1958561383_n.jpg 480w\" data-sizes=\"(max-width: 225px) 100vw, 225px\" src=\"data:image\/svg+xml;base64,PHN2ZyB3aWR0aD0iMSIgaGVpZ2h0PSIxIiB4bWxucz0iaHR0cDovL3d3dy53My5vcmcvMjAwMC9zdmciPjwvc3ZnPg==\" style=\"--smush-placeholder-width: 225px; --smush-placeholder-aspect-ratio: 225\/300;\" \/><\/a><\/p>\n<p><a href=\"https:\/\/www.facebook.com\/pg\/CaririEmAcao\/photos\/?tab=album&amp;album_id=1090620701073952\">VEJA FOTOS DO EVENTO AQUI.<\/a><\/p>\n<p><div class=\"ose- ose-uid-07a57450d077f9283f417b1a7c923671 ose-embedpress-responsive\" style=\"width:600px; height:550px; max-height:550px; max-width:100%; display:inline-block;\" data-embed-type=\"Facebook\"><iframe allowFullScreen=\"true\" class=\"embera-facebook-iframe-07a57 lazyload\" data-src=\"https:\/\/www.facebook.com\/plugins\/post.php?href=https%3A%2F%2Fwww.facebook.com%2Fmedia%2Fset%2F%3Fset%3Da.1090620701073952.1073742546.302749469861083%26%23038%3Btype%3D1%26%23038%3Bl%3D317e5bd22c&width=600&height=550&show_text=true\" width=\"600\" height=\"550\" style=\"border:none;overflow:hidden\" scrolling=\"no\" frameborder=\"0\" allowTransparency=\"true\" src=\"data:image\/svg+xml;base64,PHN2ZyB3aWR0aD0iMSIgaGVpZ2h0PSIxIiB4bWxucz0iaHR0cDovL3d3dy53My5vcmcvMjAwMC9zdmciPjwvc3ZnPg==\" data-load-mode=\"1\"><\/iframe><\/div><\/p>\n<p><strong>CARIRI EM A\u00c7\u00c3O<\/strong><\/p>\n<p><strong>Leia mais not\u00edcias em\u00a0<\/strong><a href=\"http:\/\/www.caririemacao.com\/\"><strong>caririemacao.com<\/strong><\/a><strong>, siga nossa p\u00e1gina no\u00a0<\/strong><a href=\"https:\/\/www.facebook.com\/CaririEmAcao\/?ref=aymt_homepage_panel\"><strong>Facebook<\/strong><\/a>,<strong>\u00a0<\/strong><a href=\"https:\/\/www.instagram.com\/cariri_em_acao\/?hl=pt-br\"><strong>Instagram<\/strong><\/a><strong>\u00a0e <\/strong><a href=\"https:\/\/www.youtube.com\/channel\/UCAptA0jQuYQy8vMhLt2m4qg\"><strong>Youtube<\/strong><\/a><strong>\u00a0e veja nossas mat\u00e9rias, v\u00eddeos e fotos. Voc\u00ea tamb\u00e9m pode enviar informa\u00e7\u00f5es \u00e0 Reda\u00e7\u00e3o do Portal Cariri em A\u00e7\u00e3o pelo WhatsApp (83) 9 9634.5791, (83) 9 9601-1162.<\/strong><\/p>\n","protected":false},"excerpt":{"rendered":"<p>A cidade de Sum\u00e9, no Cariri Paraibano, foi sede de um grande evento, o 1\u00ba Torneio de Muares. O evento aconteceu entre os dias 01,&hellip; <\/p>\n","protected":false},"author":2,"featured_media":27867,"comment_status":"closed","ping_status":"closed","sticky":false,"template":"","format":"standard","meta":{"sfsi_plus_gutenberg_text_before_share":"","sfsi_plus_gutenberg_show_text_before_share":"","sfsi_plus_gutenberg_icon_type":"","sfsi_plus_gutenberg_icon_alignemt":"","sfsi_plus_gutenburg_max_per_row":"","footnotes":""},"categories":[6],"tags":[],"class_list":["post-27866","post","type-post","status-publish","format-standard","has-post-thumbnail","hentry","category-cidades"],"_links":{"self":[{"href":"https:\/\/www.caririemacao.com\/1\/wp-json\/wp\/v2\/posts\/27866","targetHints":{"allow":["GET"]}}],"collection":[{"href":"https:\/\/www.caririemacao.com\/1\/wp-json\/wp\/v2\/posts"}],"about":[{"href":"https:\/\/www.caririemacao.com\/1\/wp-json\/wp\/v2\/types\/post"}],"author":[{"embeddable":true,"href":"https:\/\/www.caririemacao.com\/1\/wp-json\/wp\/v2\/users\/2"}],"replies":[{"embeddable":true,"href":"https:\/\/www.caririemacao.com\/1\/wp-json\/wp\/v2\/comments?post=27866"}],"version-history":[{"count":0,"href":"https:\/\/www.caririemacao.com\/1\/wp-json\/wp\/v2\/posts\/27866\/revisions"}],"wp:featuredmedia":[{"embeddable":true,"href":"https:\/\/www.caririemacao.com\/1\/wp-json\/wp\/v2\/media\/27867"}],"wp:attachment":[{"href":"https:\/\/www.caririemacao.com\/1\/wp-json\/wp\/v2\/media?parent=27866"}],"wp:term":[{"taxonomy":"category","embeddable":true,"href":"https:\/\/www.caririemacao.com\/1\/wp-json\/wp\/v2\/categories?post=27866"},{"taxonomy":"post_tag","embeddable":true,"href":"https:\/\/www.caririemacao.com\/1\/wp-json\/wp\/v2\/tags?post=27866"}],"curies":[{"name":"wp","href":"https:\/\/api.w.org\/{rel}","templated":true}]}}