{"id":27879,"date":"2017-09-05T23:27:21","date_gmt":"2017-09-06T02:27:21","guid":{"rendered":"http:\/\/caririemacao.com\/1\/?p=27879"},"modified":"2017-09-05T23:28:13","modified_gmt":"2017-09-06T02:28:13","slug":"francisco-junior-solicita-melhorias-na-seguranca-publica","status":"publish","type":"post","link":"https:\/\/www.caririemacao.com\/1\/2017\/09\/05\/francisco-junior-solicita-melhorias-na-seguranca-publica\/","title":{"rendered":"Francisco J\u00fanior solicita melhorias na seguran\u00e7a p\u00fablica"},"content":{"rendered":"<p>Na \u00faltima sess\u00e3o da \u201cCasa Joaquim Travas de Lucena\u201d, realizada na \u00faltima (01), o vereador de S\u00e3o Jo\u00e3o do Cariri, Francisco J\u00fanior (PCdoB) apresentou um requerimento que foi aprovado por unanimidade pelo parlamento s\u00e3ojoanense.<\/p>\n<p>Francisco J\u00fanior solicitou que a C\u00e2mara de Vereadores encaminhe of\u00edcio ao secret\u00e1rio de Seguran\u00e7a e Defesa Social, Cl\u00e1udio Coelho Lima, que seja disponibilizado uma viatura de forma permanente e aumento do contingente policial para o munic\u00edpio de S\u00e3o Jo\u00e3o do Cariri.<\/p>\n<p>De acordo com Francisco, o pedido se faz necess\u00e1rio pelo aumento de casos de assaltos na regi\u00e3o e em particular em S\u00e3o Jo\u00e3o do Cariri, amedrontando e causando inseguran\u00e7a a popula\u00e7\u00e3o.<\/p>\n<p><strong>CARIRI EM A\u00c7\u00c3O<\/strong><\/p>\n<p><strong>Leia mais not\u00edcias em\u00a0<\/strong><a href=\"http:\/\/www.caririemacao.com\/\"><strong>caririemacao.com<\/strong><\/a><strong>, siga nossa p\u00e1gina no\u00a0<\/strong><a href=\"https:\/\/www.facebook.com\/CaririEmAcao\/?ref=aymt_homepage_panel\"><strong>Facebook<\/strong><\/a>,<strong>\u00a0<\/strong><a href=\"https:\/\/www.instagram.com\/cariri_em_acao\/?hl=pt-br\"><strong>Instagram<\/strong><\/a><strong>\u00a0e <\/strong><a href=\"https:\/\/www.youtube.com\/channel\/UCAptA0jQuYQy8vMhLt2m4qg\"><strong>Youtube<\/strong><\/a><strong>\u00a0e veja nossas mat\u00e9rias, v\u00eddeos e fotos. Voc\u00ea tamb\u00e9m pode enviar informa\u00e7\u00f5es \u00e0 Reda\u00e7\u00e3o do Portal Cariri em A\u00e7\u00e3o pelo WhatsApp (83) 9 9634.5791, (83) 9 9601-1162.<\/strong><\/p>\n","protected":false},"excerpt":{"rendered":"<p>Na \u00faltima sess\u00e3o da \u201cCasa Joaquim Travas de Lucena\u201d, realizada na \u00faltima (01), o vereador de S\u00e3o Jo\u00e3o do Cariri, Francisco J\u00fanior (PCdoB) apresentou um&hellip; <\/p>\n","protected":false},"author":2,"featured_media":27880,"comment_status":"closed","ping_status":"closed","sticky":false,"template":"","format":"standard","meta":{"sfsi_plus_gutenberg_text_before_share":"","sfsi_plus_gutenberg_show_text_before_share":"","sfsi_plus_gutenberg_icon_type":"","sfsi_plus_gutenberg_icon_alignemt":"","sfsi_plus_gutenburg_max_per_row":"","footnotes":""},"categories":[11],"tags":[],"class_list":["post-27879","post","type-post","status-publish","format-standard","has-post-thumbnail","hentry","category-politica"],"_links":{"self":[{"href":"https:\/\/www.caririemacao.com\/1\/wp-json\/wp\/v2\/posts\/27879","targetHints":{"allow":["GET"]}}],"collection":[{"href":"https:\/\/www.caririemacao.com\/1\/wp-json\/wp\/v2\/posts"}],"about":[{"href":"https:\/\/www.caririemacao.com\/1\/wp-json\/wp\/v2\/types\/post"}],"author":[{"embeddable":true,"href":"https:\/\/www.caririemacao.com\/1\/wp-json\/wp\/v2\/users\/2"}],"replies":[{"embeddable":true,"href":"https:\/\/www.caririemacao.com\/1\/wp-json\/wp\/v2\/comments?post=27879"}],"version-history":[{"count":0,"href":"https:\/\/www.caririemacao.com\/1\/wp-json\/wp\/v2\/posts\/27879\/revisions"}],"wp:featuredmedia":[{"embeddable":true,"href":"https:\/\/www.caririemacao.com\/1\/wp-json\/wp\/v2\/media\/27880"}],"wp:attachment":[{"href":"https:\/\/www.caririemacao.com\/1\/wp-json\/wp\/v2\/media?parent=27879"}],"wp:term":[{"taxonomy":"category","embeddable":true,"href":"https:\/\/www.caririemacao.com\/1\/wp-json\/wp\/v2\/categories?post=27879"},{"taxonomy":"post_tag","embeddable":true,"href":"https:\/\/www.caririemacao.com\/1\/wp-json\/wp\/v2\/tags?post=27879"}],"curies":[{"name":"wp","href":"https:\/\/api.w.org\/{rel}","templated":true}]}}