{"id":27882,"date":"2017-09-05T23:45:42","date_gmt":"2017-09-06T02:45:42","guid":{"rendered":"http:\/\/caririemacao.com\/1\/?p=27882"},"modified":"2017-09-05T23:45:42","modified_gmt":"2017-09-06T02:45:42","slug":"caririzeiros-sao-empossados-conselheiros-do-orcamento-democratico","status":"publish","type":"post","link":"https:\/\/www.caririemacao.com\/1\/2017\/09\/05\/caririzeiros-sao-empossados-conselheiros-do-orcamento-democratico\/","title":{"rendered":"Caririzeiros s\u00e3o empossados conselheiros do Or\u00e7amento Democr\u00e1tico"},"content":{"rendered":"<p>Na tarde desta segunda-feira, dia 4, 27 caririzeiros tomaram posse como os novos conselheiros do Or\u00e7amento Democr\u00e1tico da Para\u00edba, representando a 5\u00aa regi\u00e3o, composta por 17 munic\u00edpios.<\/p>\n<p>A posse contou com a presen\u00e7a do governador Ricardo Coutinho e quase 500 conselheiros que fazem das 14 regi\u00f5es do OD. A cerim\u00f4nia foi realizada no gin\u00e1sio da Escola Estadual Nenzinha Cunha Lima, em Campina Grande.<\/p>\n<p>Antes da posse, os conselheiros escolheram as demandas priorit\u00e1rias para serem apresentadas aos secret\u00e1rios estaduais durante planejamento estrat\u00e9gico que acontece na pr\u00f3xima semana e elegeram dois conselheiros estaduais e dois suplentes que ir\u00e3o representar a 5\u00aa regi\u00e3o no Conselho Estadual.<\/p>\n<p>Foram eleitos para a nova forma\u00e7\u00e3o do Conselho Estadual os seguintes conselheiros:<\/p>\n<p><strong>Marivaldo Gomes Alc\u00e2ntara \u2013 Titular<\/strong><\/p>\n<p><strong>Paolla Ketylly Silva Leite \u2013 Titular<\/strong><\/p>\n<p><strong>Maria Alcideni de Lira Costa \u2013 suplente<\/strong><\/p>\n<p><strong>Josiel Ventura Alves \u2013 suplente<\/strong><\/p>\n<p>&nbsp;<\/p>\n<p><a href=\"http:\/\/www.paraiba.pb.gov.br\/odestadual\/conselheiros-eleitos-2017\"><strong>Veja rela\u00e7\u00e3o completa dos conselheiros regionais das 14 regi\u00f5es do OD.<\/strong><\/a><\/p>\n<p>&nbsp;<\/p>\n<p><strong>CARIRI EM A\u00c7\u00c3O<\/strong><\/p>\n<p><strong>Leia mais not\u00edcias em\u00a0<\/strong><a href=\"http:\/\/www.caririemacao.com\/\"><strong>caririemacao.com<\/strong><\/a><strong>, siga nossa p\u00e1gina no\u00a0<\/strong><a href=\"https:\/\/www.facebook.com\/CaririEmAcao\/?ref=aymt_homepage_panel\"><strong>Facebook<\/strong><\/a>,<strong>\u00a0<\/strong><a href=\"https:\/\/www.instagram.com\/cariri_em_acao\/?hl=pt-br\"><strong>Instagram<\/strong><\/a><strong>\u00a0e <\/strong><a href=\"https:\/\/www.youtube.com\/channel\/UCAptA0jQuYQy8vMhLt2m4qg\"><strong>Youtube<\/strong><\/a><strong>\u00a0e veja nossas mat\u00e9rias, v\u00eddeos e fotos. Voc\u00ea tamb\u00e9m pode enviar informa\u00e7\u00f5es \u00e0 Reda\u00e7\u00e3o do Portal Cariri em A\u00e7\u00e3o pelo WhatsApp (83) 9 9634.5791, (83) 9 9601-1162.<\/strong><\/p>\n","protected":false},"excerpt":{"rendered":"<p>Na tarde desta segunda-feira, dia 4, 27 caririzeiros tomaram posse como os novos conselheiros do Or\u00e7amento Democr\u00e1tico da Para\u00edba, representando a 5\u00aa regi\u00e3o, composta por&hellip; <\/p>\n","protected":false},"author":2,"featured_media":27883,"comment_status":"closed","ping_status":"closed","sticky":false,"template":"","format":"standard","meta":{"sfsi_plus_gutenberg_text_before_share":"","sfsi_plus_gutenberg_show_text_before_share":"","sfsi_plus_gutenberg_icon_type":"","sfsi_plus_gutenberg_icon_alignemt":"","sfsi_plus_gutenburg_max_per_row":"","footnotes":""},"categories":[2],"tags":[],"class_list":["post-27882","post","type-post","status-publish","format-standard","has-post-thumbnail","hentry","category-geral"],"_links":{"self":[{"href":"https:\/\/www.caririemacao.com\/1\/wp-json\/wp\/v2\/posts\/27882","targetHints":{"allow":["GET"]}}],"collection":[{"href":"https:\/\/www.caririemacao.com\/1\/wp-json\/wp\/v2\/posts"}],"about":[{"href":"https:\/\/www.caririemacao.com\/1\/wp-json\/wp\/v2\/types\/post"}],"author":[{"embeddable":true,"href":"https:\/\/www.caririemacao.com\/1\/wp-json\/wp\/v2\/users\/2"}],"replies":[{"embeddable":true,"href":"https:\/\/www.caririemacao.com\/1\/wp-json\/wp\/v2\/comments?post=27882"}],"version-history":[{"count":0,"href":"https:\/\/www.caririemacao.com\/1\/wp-json\/wp\/v2\/posts\/27882\/revisions"}],"wp:featuredmedia":[{"embeddable":true,"href":"https:\/\/www.caririemacao.com\/1\/wp-json\/wp\/v2\/media\/27883"}],"wp:attachment":[{"href":"https:\/\/www.caririemacao.com\/1\/wp-json\/wp\/v2\/media?parent=27882"}],"wp:term":[{"taxonomy":"category","embeddable":true,"href":"https:\/\/www.caririemacao.com\/1\/wp-json\/wp\/v2\/categories?post=27882"},{"taxonomy":"post_tag","embeddable":true,"href":"https:\/\/www.caririemacao.com\/1\/wp-json\/wp\/v2\/tags?post=27882"}],"curies":[{"name":"wp","href":"https:\/\/api.w.org\/{rel}","templated":true}]}}