{"id":27885,"date":"2017-09-06T05:07:30","date_gmt":"2017-09-06T08:07:30","guid":{"rendered":"http:\/\/caririemacao.com\/1\/?p=27885"},"modified":"2017-09-06T05:07:30","modified_gmt":"2017-09-06T08:07:30","slug":"ssu-e-selecionado-no-resultado-final-do-programa-segundo-tempo","status":"publish","type":"post","link":"https:\/\/www.caririemacao.com\/1\/2017\/09\/06\/ssu-e-selecionado-no-resultado-final-do-programa-segundo-tempo\/","title":{"rendered":"SSU \u00e9 selecionado no resultado final do Programa Segundo Tempo"},"content":{"rendered":"<p>O munic\u00edpio de S\u00e3o Sebasti\u00e3o do Umbuzeiro foi selecionado no resultado final do Programa Segundo Tempo \u2013 Padr\u00e3o. O edital de chamada p\u00fablica n\u00famero 01\/2017 foi divulgado nesta ter\u00e7a-feira, 5, pelo Minist\u00e9rio do Esporte.<\/p>\n<p>Conforme o edital, a formaliza\u00e7\u00e3o da parceria, tamb\u00e9m, ficar\u00e1 condicionada a disponibilidade or\u00e7ament\u00e1ria da SNELIS, podendo haver supress\u00e3o na quantidade de n\u00facleos pleiteados, conforme o caso, nos termos da legisla\u00e7\u00e3o aplic\u00e1vel, e com fundamento na gest\u00e3o p\u00fablica democr\u00e1tica.<\/p>\n<p>O Prefeito Adriano Wolff comemorou a sele\u00e7\u00e3o do munic\u00edpio no resultado final do programa, e que agora ir\u00e1 aguardar os procedimentos para a assinatura do conv\u00eanio.<\/p>\n<p>\u201c\u00c9 algo de grande import\u00e2ncia para nosso munic\u00edpio, me sinto feliz por essa conquista. Iremos agora aguardar os procedimentos para assinar o conv\u00eanio junto ao Minist\u00e9rio do Esporte, e a partir da\u00ed, come\u00e7armos a implanta\u00e7\u00e3o e desenvolvimento do programa\u201d, disse o prefeito Adriano.<\/p>\n<ol>\n<li>O Programa Segundo Tempo \u00e9 desenvolvido pela Secretaria Nacional de Esporte, Educa\u00e7\u00e3o, Lazer e Inclus\u00e3o Social do Minist\u00e9rio do Esporte com o objetivo de democratizar o acesso \u00e0 pr\u00e1tica e \u00e0 cultura do esporte educacional, promover o desenvolvimento integral de crian\u00e7as e adolescentes como fator de forma\u00e7\u00e3o da cidadania e melhoria da qualidade de vida, prioritariamente daqueles que se encontram em \u00e1reas de vulnerabilidade social e, preferencialmente, regularmente matriculados na rede p\u00fablica de ensino. O PST Paradesporto e o PST Universit\u00e1rio s\u00e3o vertentes do Programa Segundo Tempo,\u00a0<em>para<\/em>\u00a0atender prioritariamente a pessoas com defici\u00eancia e \u00e0 comunidade universit\u00e1ria.<\/li>\n<\/ol>\n<p><strong>CARIRI EM A\u00c7\u00c3O<\/strong><\/p>\n<p><em>Com Blog do Didi \/Foto: Cariri em A\u00e7\u00e3o\u00a0<\/em><\/p>\n<p><strong>Leia mais not\u00edcias em\u00a0<\/strong><a href=\"http:\/\/www.caririemacao.com\/\"><strong>caririemacao.com<\/strong><\/a><strong>, siga nossa p\u00e1gina no\u00a0<\/strong><a href=\"https:\/\/www.facebook.com\/CaririEmAcao\/?ref=aymt_homepage_panel\"><strong>Facebook<\/strong><\/a>,<strong>\u00a0<\/strong><a href=\"https:\/\/www.instagram.com\/cariri_em_acao\/?hl=pt-br\"><strong>Instagram<\/strong><\/a><strong>\u00a0e <\/strong><a href=\"https:\/\/www.youtube.com\/channel\/UCAptA0jQuYQy8vMhLt2m4qg\"><strong>Youtube<\/strong><\/a><strong>\u00a0e veja nossas mat\u00e9rias, v\u00eddeos e fotos. Voc\u00ea tamb\u00e9m pode enviar informa\u00e7\u00f5es \u00e0 Reda\u00e7\u00e3o do Portal Cariri em A\u00e7\u00e3o pelo WhatsApp (83) 9 9634.5791, (83) 9 9601-1162.<\/strong><\/p>\n<div><\/div>\n","protected":false},"excerpt":{"rendered":"<p>O munic\u00edpio de S\u00e3o Sebasti\u00e3o do Umbuzeiro foi selecionado no resultado final do Programa Segundo Tempo \u2013 Padr\u00e3o. O edital de chamada p\u00fablica n\u00famero 01\/2017&hellip; <\/p>\n","protected":false},"author":2,"featured_media":25266,"comment_status":"closed","ping_status":"closed","sticky":false,"template":"","format":"standard","meta":{"sfsi_plus_gutenberg_text_before_share":"","sfsi_plus_gutenberg_show_text_before_share":"","sfsi_plus_gutenberg_icon_type":"","sfsi_plus_gutenberg_icon_alignemt":"","sfsi_plus_gutenburg_max_per_row":"","footnotes":""},"categories":[6],"tags":[],"class_list":["post-27885","post","type-post","status-publish","format-standard","has-post-thumbnail","hentry","category-cidades"],"_links":{"self":[{"href":"https:\/\/www.caririemacao.com\/1\/wp-json\/wp\/v2\/posts\/27885","targetHints":{"allow":["GET"]}}],"collection":[{"href":"https:\/\/www.caririemacao.com\/1\/wp-json\/wp\/v2\/posts"}],"about":[{"href":"https:\/\/www.caririemacao.com\/1\/wp-json\/wp\/v2\/types\/post"}],"author":[{"embeddable":true,"href":"https:\/\/www.caririemacao.com\/1\/wp-json\/wp\/v2\/users\/2"}],"replies":[{"embeddable":true,"href":"https:\/\/www.caririemacao.com\/1\/wp-json\/wp\/v2\/comments?post=27885"}],"version-history":[{"count":0,"href":"https:\/\/www.caririemacao.com\/1\/wp-json\/wp\/v2\/posts\/27885\/revisions"}],"wp:featuredmedia":[{"embeddable":true,"href":"https:\/\/www.caririemacao.com\/1\/wp-json\/wp\/v2\/media\/25266"}],"wp:attachment":[{"href":"https:\/\/www.caririemacao.com\/1\/wp-json\/wp\/v2\/media?parent=27885"}],"wp:term":[{"taxonomy":"category","embeddable":true,"href":"https:\/\/www.caririemacao.com\/1\/wp-json\/wp\/v2\/categories?post=27885"},{"taxonomy":"post_tag","embeddable":true,"href":"https:\/\/www.caririemacao.com\/1\/wp-json\/wp\/v2\/tags?post=27885"}],"curies":[{"name":"wp","href":"https:\/\/api.w.org\/{rel}","templated":true}]}}