{"id":279191,"date":"2024-01-03T11:09:32","date_gmt":"2024-01-03T14:09:32","guid":{"rendered":"https:\/\/www.caririemacao.com\/1\/?p=279191"},"modified":"2024-01-03T11:09:32","modified_gmt":"2024-01-03T14:09:32","slug":"ex-vereador-de-parari-denuncia-falta-de-agua-e-faz-apelo-a-cagepa-por-providencias","status":"publish","type":"post","link":"https:\/\/www.caririemacao.com\/1\/2024\/01\/03\/ex-vereador-de-parari-denuncia-falta-de-agua-e-faz-apelo-a-cagepa-por-providencias\/","title":{"rendered":"Ex-vereador de Parari denuncia falta de \u00e1gua e faz apelo \u00e0 Cagepa por provid\u00eancias"},"content":{"rendered":"<p>O munic\u00edpio de Parari, no Cariri, enfrenta uma situa\u00e7\u00e3o de escassez de \u00e1gua, conforme denunciou o ex-vereador e ex-presidente da C\u00e2mara, J\u00fanior em contato\u00a0 com a reportagem do Cariri em A\u00e7\u00e3o. Segundo o ex-parlamentar, a popula\u00e7\u00e3o enfrenta tr\u00eas meses consecutivos sem o fornecimento de \u00e1gua nas resid\u00eancias, apesar de continuarem a receber as faturas normalmente.<\/p>\n<p>J\u00fanior expressou sua preocupa\u00e7\u00e3o com a falta de abastecimento e destacou o impacto negativo que isso tem causado na vida dos moradores do munic\u00edpio. Em suas palavras, ele fez um apelo direto \u00e0 Companhia de \u00c1gua e Esgotos da Para\u00edba (Cagepa) para que intervenha na situa\u00e7\u00e3o e tome as medidas necess\u00e1rias para solucionar o problema.<\/p>\n<p>&#8220;\u00c9 inaceit\u00e1vel que a popula\u00e7\u00e3o de Parari esteja enfrentando essa car\u00eancia de \u00e1gua h\u00e1 tr\u00eas meses consecutivos. As pessoas est\u00e3o sendo prejudicadas em suas atividades di\u00e1rias, e \u00e9 nosso dever cobrar provid\u00eancias. Fa\u00e7o um apelo \u00e0 Cagepa para que venha at\u00e9 o munic\u00edpio, veja de perto a situa\u00e7\u00e3o e tome as devidas medidas para restabelecer o fornecimento de \u00e1gua \u00e0 popula\u00e7\u00e3o&#8221;, afirmou J\u00fanior.<\/p>\n<p>&nbsp;<\/p>\n<p><strong>CARIRI EM A\u00c7\u00c3O<\/strong><\/p>\n","protected":false},"excerpt":{"rendered":"<p>O munic\u00edpio de Parari, no Cariri, enfrenta uma situa\u00e7\u00e3o de escassez de \u00e1gua, conforme denunciou o ex-vereador e ex-presidente da C\u00e2mara, J\u00fanior em contato\u00a0 com&hellip; <\/p>\n","protected":false},"author":6,"featured_media":279217,"comment_status":"closed","ping_status":"closed","sticky":false,"template":"","format":"standard","meta":{"sfsi_plus_gutenberg_text_before_share":"","sfsi_plus_gutenberg_show_text_before_share":"","sfsi_plus_gutenberg_icon_type":"","sfsi_plus_gutenberg_icon_alignemt":"","sfsi_plus_gutenburg_max_per_row":"","footnotes":""},"categories":[50,1,85],"tags":[],"class_list":["post-279191","post","type-post","status-publish","format-standard","has-post-thumbnail","hentry","category-destaque","category-o-site","category-prata"],"_links":{"self":[{"href":"https:\/\/www.caririemacao.com\/1\/wp-json\/wp\/v2\/posts\/279191","targetHints":{"allow":["GET"]}}],"collection":[{"href":"https:\/\/www.caririemacao.com\/1\/wp-json\/wp\/v2\/posts"}],"about":[{"href":"https:\/\/www.caririemacao.com\/1\/wp-json\/wp\/v2\/types\/post"}],"author":[{"embeddable":true,"href":"https:\/\/www.caririemacao.com\/1\/wp-json\/wp\/v2\/users\/6"}],"replies":[{"embeddable":true,"href":"https:\/\/www.caririemacao.com\/1\/wp-json\/wp\/v2\/comments?post=279191"}],"version-history":[{"count":2,"href":"https:\/\/www.caririemacao.com\/1\/wp-json\/wp\/v2\/posts\/279191\/revisions"}],"predecessor-version":[{"id":279218,"href":"https:\/\/www.caririemacao.com\/1\/wp-json\/wp\/v2\/posts\/279191\/revisions\/279218"}],"wp:featuredmedia":[{"embeddable":true,"href":"https:\/\/www.caririemacao.com\/1\/wp-json\/wp\/v2\/media\/279217"}],"wp:attachment":[{"href":"https:\/\/www.caririemacao.com\/1\/wp-json\/wp\/v2\/media?parent=279191"}],"wp:term":[{"taxonomy":"category","embeddable":true,"href":"https:\/\/www.caririemacao.com\/1\/wp-json\/wp\/v2\/categories?post=279191"},{"taxonomy":"post_tag","embeddable":true,"href":"https:\/\/www.caririemacao.com\/1\/wp-json\/wp\/v2\/tags?post=279191"}],"curies":[{"name":"wp","href":"https:\/\/api.w.org\/{rel}","templated":true}]}}