{"id":279193,"date":"2024-01-03T11:14:49","date_gmt":"2024-01-03T14:14:49","guid":{"rendered":"https:\/\/www.caririemacao.com\/1\/?p=279193"},"modified":"2024-01-03T11:14:49","modified_gmt":"2024-01-03T14:14:49","slug":"com-shows-de-leidinha-santos-e-japaozin-gurjao-comemora-62-anos-de-emancipacao-politica-em-grande-estilo","status":"publish","type":"post","link":"https:\/\/www.caririemacao.com\/1\/2024\/01\/03\/com-shows-de-leidinha-santos-e-japaozin-gurjao-comemora-62-anos-de-emancipacao-politica-em-grande-estilo\/","title":{"rendered":"Com shows de Leidinha Santos e Jap\u00e3ozin, Gurj\u00e3o comemora 62 anos de Emancipa\u00e7\u00e3o Pol\u00edtica em grande estilo"},"content":{"rendered":"<p>Na noite da \u00faltima ter\u00e7a-feira (02), o munic\u00edpio de Gurj\u00e3o comemorou seus 62 anos de Emancipa\u00e7\u00e3o Pol\u00edtica. O anivers\u00e1rio foi marcado por grandes shows em pra\u00e7a p\u00fablica, contando com apresenta\u00e7\u00f5es de Jap\u00e3ozin e Leidinha Santos. O evento atraiu a presen\u00e7a expressiva do p\u00fablico.<\/p>\n<p><img fetchpriority=\"high\" decoding=\"async\" class=\" wp-image-279220 aligncenter\" src=\"https:\/\/www.caririemacao.com\/1\/wp-content\/uploads\/2024\/01\/WhatsApp-Image-2024-01-03-at-03.35.18-1-300x225.jpeg\" alt=\"\" width=\"319\" height=\"239\" srcset=\"https:\/\/www.caririemacao.com\/1\/wp-content\/uploads\/2024\/01\/WhatsApp-Image-2024-01-03-at-03.35.18-1-300x225.jpeg 300w, https:\/\/www.caririemacao.com\/1\/wp-content\/uploads\/2024\/01\/WhatsApp-Image-2024-01-03-at-03.35.18-1-1280x960.jpeg 1280w, https:\/\/www.caririemacao.com\/1\/wp-content\/uploads\/2024\/01\/WhatsApp-Image-2024-01-03-at-03.35.18-1-768x576.jpeg 768w, https:\/\/www.caririemacao.com\/1\/wp-content\/uploads\/2024\/01\/WhatsApp-Image-2024-01-03-at-03.35.18-1-1536x1152.jpeg 1536w, https:\/\/www.caririemacao.com\/1\/wp-content\/uploads\/2024\/01\/WhatsApp-Image-2024-01-03-at-03.35.18-1.jpeg 1600w\" sizes=\"(max-width: 319px) 100vw, 319px\" \/><\/p>\n<p>Em entrevista, o prefeito Z\u00e9 Elias, destacou a import\u00e2ncia de celebrar essa data significativa para o munic\u00edpio.<\/p>\n<p>&#8220;Estamos comemorando n\u00e3o apenas anos de hist\u00f3ria, mas a for\u00e7a e a uni\u00e3o de nossa querida Gurj\u00e3o. \u00c9 emocionante ver a pra\u00e7a cheia, com as fam\u00edlias se divertindo e celebrando juntas. Isso representa o esp\u00edrito de nossa comunidade, destacou.<\/p>\n<p><img decoding=\"async\" class=\"wp-image-279221 aligncenter lazyload\" data-src=\"https:\/\/www.caririemacao.com\/1\/wp-content\/uploads\/2024\/01\/WhatsApp-Image-2024-01-03-at-01.17.20-2-300x225.jpeg\" alt=\"\" width=\"370\" height=\"277\" data-srcset=\"https:\/\/www.caririemacao.com\/1\/wp-content\/uploads\/2024\/01\/WhatsApp-Image-2024-01-03-at-01.17.20-2-300x225.jpeg 300w, https:\/\/www.caririemacao.com\/1\/wp-content\/uploads\/2024\/01\/WhatsApp-Image-2024-01-03-at-01.17.20-2-1280x960.jpeg 1280w, https:\/\/www.caririemacao.com\/1\/wp-content\/uploads\/2024\/01\/WhatsApp-Image-2024-01-03-at-01.17.20-2-768x576.jpeg 768w, https:\/\/www.caririemacao.com\/1\/wp-content\/uploads\/2024\/01\/WhatsApp-Image-2024-01-03-at-01.17.20-2-1536x1152.jpeg 1536w, https:\/\/www.caririemacao.com\/1\/wp-content\/uploads\/2024\/01\/WhatsApp-Image-2024-01-03-at-01.17.20-2.jpeg 1600w\" data-sizes=\"(max-width: 370px) 100vw, 370px\" src=\"data:image\/svg+xml;base64,PHN2ZyB3aWR0aD0iMSIgaGVpZ2h0PSIxIiB4bWxucz0iaHR0cDovL3d3dy53My5vcmcvMjAwMC9zdmciPjwvc3ZnPg==\" style=\"--smush-placeholder-width: 370px; --smush-placeholder-aspect-ratio: 370\/277;\" \/><\/p>\n<p>Durante o dia, a gest\u00e3o municipal preparou diversas atividades em comemora\u00e7\u00e3o ao anivers\u00e1rio da cidade, como corridas de ruas, e atividades esportivas.<\/p>\n<p><img decoding=\"async\" class=\"wp-image-279222 aligncenter lazyload\" data-src=\"https:\/\/www.caririemacao.com\/1\/wp-content\/uploads\/2024\/01\/WhatsApp-Image-2024-01-03-at-08.48.40-300x225.jpeg\" alt=\"\" width=\"359\" height=\"269\" data-srcset=\"https:\/\/www.caririemacao.com\/1\/wp-content\/uploads\/2024\/01\/WhatsApp-Image-2024-01-03-at-08.48.40-300x225.jpeg 300w, https:\/\/www.caririemacao.com\/1\/wp-content\/uploads\/2024\/01\/WhatsApp-Image-2024-01-03-at-08.48.40-1280x960.jpeg 1280w, https:\/\/www.caririemacao.com\/1\/wp-content\/uploads\/2024\/01\/WhatsApp-Image-2024-01-03-at-08.48.40-768x576.jpeg 768w, https:\/\/www.caririemacao.com\/1\/wp-content\/uploads\/2024\/01\/WhatsApp-Image-2024-01-03-at-08.48.40-1536x1152.jpeg 1536w, https:\/\/www.caririemacao.com\/1\/wp-content\/uploads\/2024\/01\/WhatsApp-Image-2024-01-03-at-08.48.40.jpeg 1600w\" data-sizes=\"(max-width: 359px) 100vw, 359px\" src=\"data:image\/svg+xml;base64,PHN2ZyB3aWR0aD0iMSIgaGVpZ2h0PSIxIiB4bWxucz0iaHR0cDovL3d3dy53My5vcmcvMjAwMC9zdmciPjwvc3ZnPg==\" style=\"--smush-placeholder-width: 359px; --smush-placeholder-aspect-ratio: 359\/269;\" \/><\/p>\n<p><strong>CARIRI EM A\u00c7\u00c3O<\/strong><\/p>\n","protected":false},"excerpt":{"rendered":"<p>Na noite da \u00faltima ter\u00e7a-feira (02), o munic\u00edpio de Gurj\u00e3o comemorou seus 62 anos de Emancipa\u00e7\u00e3o Pol\u00edtica. O anivers\u00e1rio foi marcado por grandes shows em&hellip; <\/p>\n","protected":false},"author":6,"featured_media":279219,"comment_status":"closed","ping_status":"closed","sticky":false,"template":"","format":"standard","meta":{"sfsi_plus_gutenberg_text_before_share":"","sfsi_plus_gutenberg_show_text_before_share":"","sfsi_plus_gutenberg_icon_type":"","sfsi_plus_gutenberg_icon_alignemt":"","sfsi_plus_gutenburg_max_per_row":"","footnotes":""},"categories":[50,77,1],"tags":[],"class_list":["post-279193","post","type-post","status-publish","format-standard","has-post-thumbnail","hentry","category-destaque","category-gurjao","category-o-site"],"_links":{"self":[{"href":"https:\/\/www.caririemacao.com\/1\/wp-json\/wp\/v2\/posts\/279193","targetHints":{"allow":["GET"]}}],"collection":[{"href":"https:\/\/www.caririemacao.com\/1\/wp-json\/wp\/v2\/posts"}],"about":[{"href":"https:\/\/www.caririemacao.com\/1\/wp-json\/wp\/v2\/types\/post"}],"author":[{"embeddable":true,"href":"https:\/\/www.caririemacao.com\/1\/wp-json\/wp\/v2\/users\/6"}],"replies":[{"embeddable":true,"href":"https:\/\/www.caririemacao.com\/1\/wp-json\/wp\/v2\/comments?post=279193"}],"version-history":[{"count":2,"href":"https:\/\/www.caririemacao.com\/1\/wp-json\/wp\/v2\/posts\/279193\/revisions"}],"predecessor-version":[{"id":279223,"href":"https:\/\/www.caririemacao.com\/1\/wp-json\/wp\/v2\/posts\/279193\/revisions\/279223"}],"wp:featuredmedia":[{"embeddable":true,"href":"https:\/\/www.caririemacao.com\/1\/wp-json\/wp\/v2\/media\/279219"}],"wp:attachment":[{"href":"https:\/\/www.caririemacao.com\/1\/wp-json\/wp\/v2\/media?parent=279193"}],"wp:term":[{"taxonomy":"category","embeddable":true,"href":"https:\/\/www.caririemacao.com\/1\/wp-json\/wp\/v2\/categories?post=279193"},{"taxonomy":"post_tag","embeddable":true,"href":"https:\/\/www.caririemacao.com\/1\/wp-json\/wp\/v2\/tags?post=279193"}],"curies":[{"name":"wp","href":"https:\/\/api.w.org\/{rel}","templated":true}]}}