{"id":279204,"date":"2024-01-03T09:53:05","date_gmt":"2024-01-03T12:53:05","guid":{"rendered":"https:\/\/www.caririemacao.com\/1\/?p=279204"},"modified":"2024-01-03T09:53:05","modified_gmt":"2024-01-03T12:53:05","slug":"cagepa-convoca-audiencia-publica-para-discutir-aumento-na-conta-de-agua-e-esgoto","status":"publish","type":"post","link":"https:\/\/www.caririemacao.com\/1\/2024\/01\/03\/cagepa-convoca-audiencia-publica-para-discutir-aumento-na-conta-de-agua-e-esgoto\/","title":{"rendered":"Cagepa convoca audi\u00eancia p\u00fablica para discutir aumento na conta de \u00e1gua e esgoto"},"content":{"rendered":"<p>A Companhia de \u00c1gua e Esgotos do Estado da Para\u00edba convocou audi\u00eancia p\u00fablica para o dia 30 deste m\u00eas para discutir proposta de reajuste tarif\u00e1rio.<\/p>\n<p>A audi\u00eancia ocorre por formato virtual, no site www.youtube.com\/CagepaGovPB a partir das 15h. O objetivo \u00e9 dar conhecimento e fundamentar proposta de reajuste tarif\u00e1rio dos servi\u00e7os p\u00fablicos de abastecimento de \u00e1gua e esgotamento sanit\u00e1rio nos munic\u00edpios paraibanos em que a autarquia \u00e9 respons\u00e1vel pela opera\u00e7\u00e3o dos sistemas, a vigorar a partir da sua aprova\u00e7\u00e3o pela Ag\u00eancia de Regula\u00e7\u00e3o do Estado da Para\u00edba.<\/p>\n<p>Os interessados em participar do debate dever\u00e3o se inscrever at\u00e9 48 horas antes de seu in\u00edcio, atrav\u00e9s de uma das seguintes alternativas:\u00a0audienciapublica@cagepa.pb.gov.br, solicitando a sua participa\u00e7\u00e3o e para receber o formul\u00e1rio de inscri\u00e7\u00e3o; pelo telefone (83) 3218-1313.<\/p>\n","protected":false},"excerpt":{"rendered":"<p>A Companhia de \u00c1gua e Esgotos do Estado da Para\u00edba convocou audi\u00eancia p\u00fablica para o dia 30 deste m\u00eas para discutir proposta de reajuste tarif\u00e1rio.&hellip; <\/p>\n","protected":false},"author":6,"featured_media":235093,"comment_status":"closed","ping_status":"closed","sticky":false,"template":"","format":"standard","meta":{"sfsi_plus_gutenberg_text_before_share":"","sfsi_plus_gutenberg_show_text_before_share":"","sfsi_plus_gutenberg_icon_type":"","sfsi_plus_gutenberg_icon_alignemt":"","sfsi_plus_gutenburg_max_per_row":"","footnotes":""},"categories":[50,104],"tags":[],"class_list":["post-279204","post","type-post","status-publish","format-standard","has-post-thumbnail","hentry","category-destaque","category-paraiba"],"_links":{"self":[{"href":"https:\/\/www.caririemacao.com\/1\/wp-json\/wp\/v2\/posts\/279204","targetHints":{"allow":["GET"]}}],"collection":[{"href":"https:\/\/www.caririemacao.com\/1\/wp-json\/wp\/v2\/posts"}],"about":[{"href":"https:\/\/www.caririemacao.com\/1\/wp-json\/wp\/v2\/types\/post"}],"author":[{"embeddable":true,"href":"https:\/\/www.caririemacao.com\/1\/wp-json\/wp\/v2\/users\/6"}],"replies":[{"embeddable":true,"href":"https:\/\/www.caririemacao.com\/1\/wp-json\/wp\/v2\/comments?post=279204"}],"version-history":[{"count":1,"href":"https:\/\/www.caririemacao.com\/1\/wp-json\/wp\/v2\/posts\/279204\/revisions"}],"predecessor-version":[{"id":279206,"href":"https:\/\/www.caririemacao.com\/1\/wp-json\/wp\/v2\/posts\/279204\/revisions\/279206"}],"wp:featuredmedia":[{"embeddable":true,"href":"https:\/\/www.caririemacao.com\/1\/wp-json\/wp\/v2\/media\/235093"}],"wp:attachment":[{"href":"https:\/\/www.caririemacao.com\/1\/wp-json\/wp\/v2\/media?parent=279204"}],"wp:term":[{"taxonomy":"category","embeddable":true,"href":"https:\/\/www.caririemacao.com\/1\/wp-json\/wp\/v2\/categories?post=279204"},{"taxonomy":"post_tag","embeddable":true,"href":"https:\/\/www.caririemacao.com\/1\/wp-json\/wp\/v2\/tags?post=279204"}],"curies":[{"name":"wp","href":"https:\/\/api.w.org\/{rel}","templated":true}]}}