{"id":279212,"date":"2024-01-03T10:01:28","date_gmt":"2024-01-03T13:01:28","guid":{"rendered":"https:\/\/www.caririemacao.com\/1\/?p=279212"},"modified":"2024-01-03T10:01:28","modified_gmt":"2024-01-03T13:01:28","slug":"com-veto-ao-cronograma-para-emendas-lula-sanciona-lei-de-diretrizes-orcamentarias-de-2024","status":"publish","type":"post","link":"https:\/\/www.caririemacao.com\/1\/2024\/01\/03\/com-veto-ao-cronograma-para-emendas-lula-sanciona-lei-de-diretrizes-orcamentarias-de-2024\/","title":{"rendered":"Com veto ao cronograma para emendas, Lula sanciona Lei de Diretrizes Or\u00e7ament\u00e1rias de 2024"},"content":{"rendered":"<div class=\"subtitulo mb-3\"><em><strong>Presidente tamb\u00e9m vetou trecho que proibia governo federal de gastar recursos com medidas consideradas tradicionais.<\/strong><\/em><\/div>\n<div><\/div>\n<div>O presidente Luiz In\u00e1cio Lula da Silva sancionou com veto a Lei de Diretrizes Or\u00e7ament\u00e1rias (LDO) de 2024, que baliza a Lei Or\u00e7ament\u00e1ria Anual (LOA), que \u00e9 o Or\u00e7amento da Uni\u00e3o. A medida foi publicada no Di\u00e1rio Oficial da Uni\u00e3o ontem\u00a0 ter\u00e7a-feira (2).<\/div>\n<div><\/div>\n<div>\n<p>Para 2024, a maior parte dos gastos federais continua sendo com o refinanciamento da d\u00edvida p\u00fablica, cerca de R$ 1,7 trilh\u00e3o.<\/p>\n<p>O\u00a0Or\u00e7amento da Uni\u00e3o para 2024 havia sido aprovado pelo Congresso\u00a0Nacional em 22 de dezembro de 2023 e prev\u00ea receitas e despesas de R$ 5,5 trilh\u00f5es. No texto, por exemplo, estava previsto que o sal\u00e1rio m\u00ednimo nacional passaria dos atuais R$ 1.320 para R$ 1.412 neste ano, entre outras medidas.<\/p>\n<p>O texto aprovado pelo Congresso prev\u00ea tamb\u00e9m d\u00e9ficit zero nas contas p\u00fablicas \u2013 mantida pelo presidente -, regras para destina\u00e7\u00e3o de emendas parlamentares e fundo eleitoral de R$ 4,9 bilh\u00f5es.<\/p>\n<p>O Or\u00e7amento previa o valor de R$ 53 bilh\u00f5es destinados para emendas parlamentares. Al\u00e9m de impor um cronograma de pagamento para aquelas que s\u00e3o obrigat\u00f3rias, caso das emendas individuais, deram prioridade para as \u00e1reas de sa\u00fade e assist\u00eancia social. Lula vetou os trechos que obrigava o pagamento das emendas em at\u00e9 30 dias ap\u00f3s a divulga\u00e7\u00e3o das propostas e os pagamentos em outras \u00e1reas deveriam ser feitos at\u00e9 30 de junho de 2024.<\/p>\n<p>\u201cAl\u00e9m de aumentar a rigidez na gest\u00e3o or\u00e7ament\u00e1ria e financeira e dificultar a gest\u00e3o das finan\u00e7as p\u00fablicas, com impacto potencial na efici\u00eancia, efic\u00e1cia e efetividade da administra\u00e7\u00e3o, tal dispositivo seria incompat\u00edvel com o artigo 8\u00ba da Lei de Responsabilidade Fiscal, segundo a qual compete ao Poder Executivo Federal estabelecer a programa\u00e7\u00e3o financeira e o cronograma de execu\u00e7\u00e3o mensal de desembolso\u201d, diz o texto publicado por Lula.<\/p>\n<p>Outro trecho inclu\u00eddo pelos congressistas diz respeito \u00e0 proibi\u00e7\u00e3o ao governo de gastar recursos para o incentivo ou financiamento de invas\u00e3o ou ocupa\u00e7\u00e3o de propriedades rurais privadas, a\u00e7\u00f5es tendentes a influenciar crian\u00e7as e adolescentes, da creche ao ensino m\u00e9dio, a terem op\u00e7\u00f5es sexuais diferentes do sexo biol\u00f3gico; a\u00e7\u00f5es tendentes a desconstruir, diminuir ou extinguir o conceito de fam\u00edlia tradicional, formado por pai, m\u00e3e e filhos; cirurgias em crian\u00e7as e adolescentes para mudan\u00e7a de sexo e realiza\u00e7\u00e3o de abortos, exceto nos casos autorizados em lei.<\/p>\n<p>A justificativa do governo \u00e9 de que o dispositivo traz regra para vedar \u201cgera\u00e7\u00e3o de despesas que, direta ou indiretamente, promovessem, incentivassem ou financiassem v\u00e1rias condutas aleat\u00f3rias, impertinentes em rela\u00e7\u00e3o ao que costumeiramente consta em lei de diretrizes or\u00e7ament\u00e1rias. Isso, por si, evidencia a viola\u00e7\u00e3o ao comando normativo or\u00e7ament\u00e1rio previsto no \u00a72\u00ba do art. 165, da Constitui\u00e7\u00e3o.\u201d<\/p>\n<p>FONTE: Portal Correio<\/p>\n<\/div>\n<div><\/div>\n","protected":false},"excerpt":{"rendered":"<p>Presidente tamb\u00e9m vetou trecho que proibia governo federal de gastar recursos com medidas consideradas tradicionais. O presidente Luiz In\u00e1cio Lula da Silva sancionou com veto&hellip; <\/p>\n","protected":false},"author":6,"featured_media":279213,"comment_status":"closed","ping_status":"closed","sticky":false,"template":"","format":"standard","meta":{"sfsi_plus_gutenberg_text_before_share":"","sfsi_plus_gutenberg_show_text_before_share":"","sfsi_plus_gutenberg_icon_type":"","sfsi_plus_gutenberg_icon_alignemt":"","sfsi_plus_gutenburg_max_per_row":"","footnotes":""},"categories":[50],"tags":[],"class_list":["post-279212","post","type-post","status-publish","format-standard","has-post-thumbnail","hentry","category-destaque"],"_links":{"self":[{"href":"https:\/\/www.caririemacao.com\/1\/wp-json\/wp\/v2\/posts\/279212","targetHints":{"allow":["GET"]}}],"collection":[{"href":"https:\/\/www.caririemacao.com\/1\/wp-json\/wp\/v2\/posts"}],"about":[{"href":"https:\/\/www.caririemacao.com\/1\/wp-json\/wp\/v2\/types\/post"}],"author":[{"embeddable":true,"href":"https:\/\/www.caririemacao.com\/1\/wp-json\/wp\/v2\/users\/6"}],"replies":[{"embeddable":true,"href":"https:\/\/www.caririemacao.com\/1\/wp-json\/wp\/v2\/comments?post=279212"}],"version-history":[{"count":1,"href":"https:\/\/www.caririemacao.com\/1\/wp-json\/wp\/v2\/posts\/279212\/revisions"}],"predecessor-version":[{"id":279214,"href":"https:\/\/www.caririemacao.com\/1\/wp-json\/wp\/v2\/posts\/279212\/revisions\/279214"}],"wp:featuredmedia":[{"embeddable":true,"href":"https:\/\/www.caririemacao.com\/1\/wp-json\/wp\/v2\/media\/279213"}],"wp:attachment":[{"href":"https:\/\/www.caririemacao.com\/1\/wp-json\/wp\/v2\/media?parent=279212"}],"wp:term":[{"taxonomy":"category","embeddable":true,"href":"https:\/\/www.caririemacao.com\/1\/wp-json\/wp\/v2\/categories?post=279212"},{"taxonomy":"post_tag","embeddable":true,"href":"https:\/\/www.caririemacao.com\/1\/wp-json\/wp\/v2\/tags?post=279212"}],"curies":[{"name":"wp","href":"https:\/\/api.w.org\/{rel}","templated":true}]}}