{"id":279224,"date":"2024-01-03T15:18:46","date_gmt":"2024-01-03T18:18:46","guid":{"rendered":"https:\/\/www.caririemacao.com\/1\/?p=279224"},"modified":"2024-01-03T15:18:46","modified_gmt":"2024-01-03T18:18:46","slug":"capacidade-e-lealdade-sostenes-murilo-experiente-vereador-de-pocinhos-ganha-forca-na-candidatura-para-vice-prefeito","status":"publish","type":"post","link":"https:\/\/www.caririemacao.com\/1\/2024\/01\/03\/capacidade-e-lealdade-sostenes-murilo-experiente-vereador-de-pocinhos-ganha-forca-na-candidatura-para-vice-prefeito\/","title":{"rendered":"Capacidade e lealdade: S\u00f3stenes Murilo, experiente vereador de Pocinhos, ganha for\u00e7a na candidatura para vice-prefeito"},"content":{"rendered":"<p>No munic\u00edpio de Pocinhos, o nome de S\u00f3stenes Murilo, vereador com larga experi\u00eancia legislativa, vem ganhando destaque no cen\u00e1rio eleitoral no que se refere a candidatura de vice-prefeito na chapa encabe\u00e7ada pela atual prefeita Eliane Galdino.<\/p>\n<p>S\u00f3stenes est\u00e1 no seu s\u00e9timo mandato como vereador, j\u00e1 tendo sido presidente da C\u00e2mara de vereadores do munic\u00edpio por duas oportunidades, tamb\u00e9m j\u00e1 tendo ocupado os cargos de tesoureiro, secret\u00e1rio de sa\u00fade e secret\u00e1rio de administra\u00e7\u00e3o do munic\u00edpio. Atualmente encontra-se no cargo de Secret\u00e1rio de Infraestrutura da gest\u00e3o, onde vem se destacando por sua atua\u00e7\u00e3o \u00e0 frente da pasta. Na juventude, foi presidente do Gr\u00eamio estudantil.<\/p>\n<p>\u201cMeu nome est\u00e1 \u00e0 disposi\u00e7\u00e3o. O povo de Pocinhos me conhece e eu conhe\u00e7o muito bem o povo de Pocinhos. O meu trabalho \u00e9 di\u00e1rio e estou ao lado das pessoas em todos os momentos. Ao longo dos \u00faltimos anos, estamos construindo um trabalho s\u00f3lido, baseado no compromisso e no respeito com \u00e0 popula\u00e7\u00e3o\u201d, falou o vereador.<\/p>\n<p>O vereador, por todo o seu hist\u00f3rico pol\u00edtico, mostra-se preparado para assumir novos desafios, mas, al\u00e9m disso, o que mais se destaca s\u00e3o suas a\u00e7\u00f5es resolutivas e tamb\u00e9m a proximidade com os pocinhenses. Desde 1988, S\u00f3stenes acompanha a fam\u00edlia Galdino, sempre refor\u00e7ando sua lealdade, compromisso e confian\u00e7a para com o deputado Adriano Galdino.<\/p>\n<p>Sobre a gest\u00e3o da prefeita Eliane, S\u00f3stenes se pronunciou: \u201cFidelidade e respeito s\u00e3o palavras que definem bem o nosso v\u00ednculo. Sempre fiz parte desse grupo por acreditar e respeitar os mesmos ideais. A prefeita Eliane vem cumprindo um mandato exitoso, prezando sempre pela \u00e9tica e pela responsabilidade. Estamos testemunhando uma gest\u00e3o pautada no trabalho e em dias mais promissores e mais justos para todos\u201d, disse.<\/p>\n","protected":false},"excerpt":{"rendered":"<p>No munic\u00edpio de Pocinhos, o nome de S\u00f3stenes Murilo, vereador com larga experi\u00eancia legislativa, vem ganhando destaque no cen\u00e1rio eleitoral no que se refere a&hellip; <\/p>\n","protected":false},"author":6,"featured_media":279225,"comment_status":"closed","ping_status":"closed","sticky":false,"template":"","format":"standard","meta":{"sfsi_plus_gutenberg_text_before_share":"","sfsi_plus_gutenberg_show_text_before_share":"","sfsi_plus_gutenberg_icon_type":"","sfsi_plus_gutenberg_icon_alignemt":"","sfsi_plus_gutenburg_max_per_row":"","footnotes":""},"categories":[50,104],"tags":[],"class_list":["post-279224","post","type-post","status-publish","format-standard","has-post-thumbnail","hentry","category-destaque","category-paraiba"],"_links":{"self":[{"href":"https:\/\/www.caririemacao.com\/1\/wp-json\/wp\/v2\/posts\/279224","targetHints":{"allow":["GET"]}}],"collection":[{"href":"https:\/\/www.caririemacao.com\/1\/wp-json\/wp\/v2\/posts"}],"about":[{"href":"https:\/\/www.caririemacao.com\/1\/wp-json\/wp\/v2\/types\/post"}],"author":[{"embeddable":true,"href":"https:\/\/www.caririemacao.com\/1\/wp-json\/wp\/v2\/users\/6"}],"replies":[{"embeddable":true,"href":"https:\/\/www.caririemacao.com\/1\/wp-json\/wp\/v2\/comments?post=279224"}],"version-history":[{"count":1,"href":"https:\/\/www.caririemacao.com\/1\/wp-json\/wp\/v2\/posts\/279224\/revisions"}],"predecessor-version":[{"id":279226,"href":"https:\/\/www.caririemacao.com\/1\/wp-json\/wp\/v2\/posts\/279224\/revisions\/279226"}],"wp:featuredmedia":[{"embeddable":true,"href":"https:\/\/www.caririemacao.com\/1\/wp-json\/wp\/v2\/media\/279225"}],"wp:attachment":[{"href":"https:\/\/www.caririemacao.com\/1\/wp-json\/wp\/v2\/media?parent=279224"}],"wp:term":[{"taxonomy":"category","embeddable":true,"href":"https:\/\/www.caririemacao.com\/1\/wp-json\/wp\/v2\/categories?post=279224"},{"taxonomy":"post_tag","embeddable":true,"href":"https:\/\/www.caririemacao.com\/1\/wp-json\/wp\/v2\/tags?post=279224"}],"curies":[{"name":"wp","href":"https:\/\/api.w.org\/{rel}","templated":true}]}}