{"id":279227,"date":"2024-01-03T15:22:11","date_gmt":"2024-01-03T18:22:11","guid":{"rendered":"https:\/\/www.caririemacao.com\/1\/?p=279227"},"modified":"2024-01-03T15:22:11","modified_gmt":"2024-01-03T18:22:11","slug":"prefeito-adriano-wolff-anuncia-a-data-oficial-da-tradicional-festa-de-janeiro-de-sao-sebastiao-do-umbuzeiro","status":"publish","type":"post","link":"https:\/\/www.caririemacao.com\/1\/2024\/01\/03\/prefeito-adriano-wolff-anuncia-a-data-oficial-da-tradicional-festa-de-janeiro-de-sao-sebastiao-do-umbuzeiro\/","title":{"rendered":"Prefeito Adriano Wolff anuncia a data oficial da tradicional festa de janeiro de S\u00e3o Sebasti\u00e3o do Umbuzeiro"},"content":{"rendered":"<p>O prefeito de S\u00e3o Sebasti\u00e3o do Umbuzeiro, Adriano Wolff, anunciou nesta quarta-feira (03\/01) a data oficial da tradicional festa de janeiro, do munic\u00edpio.<\/p>\n<p>O evento, nos \u00faltimos anos se tornou um dos maiores na regi\u00e3o do Cariri paraibano. De acordo com Wolff a festa acontecer\u00e1 de 11 \u00e0 20 de janeiro.<\/p>\n<p>Atrav\u00e9s das redes sociais, o gestor enfatizou: \u201ca nossa cidade ir\u00e1 viver dias muito especiais, que todos os anos s\u00e3o aguardados pelos munic\u00edpes e turistas\u201d.<\/p>\n<p>Adriano Wolff ainda afirmou: \u201ch\u00e1 d\u00e9cadas, a festa de S\u00e3o Sebasti\u00e3o movimenta toda a regi\u00e3o e n\u00f3s temos uma grande satisfa\u00e7\u00e3o e alegria em continuar realizando, cada vez melhor\u201d.<\/p>\n<p>&nbsp;<\/p>\n<p><strong>CARIRI EM A\u00c7\u00c3O<\/strong><\/p>\n<p><em>Com Focando Para\u00edba\u00a0<\/em><\/p>\n","protected":false},"excerpt":{"rendered":"<p>O prefeito de S\u00e3o Sebasti\u00e3o do Umbuzeiro, Adriano Wolff, anunciou nesta quarta-feira (03\/01) a data oficial da tradicional festa de janeiro, do munic\u00edpio. O evento,&hellip; <\/p>\n","protected":false},"author":6,"featured_media":272492,"comment_status":"closed","ping_status":"closed","sticky":false,"template":"","format":"standard","meta":{"sfsi_plus_gutenberg_text_before_share":"","sfsi_plus_gutenberg_show_text_before_share":"","sfsi_plus_gutenberg_icon_type":"","sfsi_plus_gutenberg_icon_alignemt":"","sfsi_plus_gutenburg_max_per_row":"","footnotes":""},"categories":[50,92],"tags":[],"class_list":["post-279227","post","type-post","status-publish","format-standard","has-post-thumbnail","hentry","category-destaque","category-sao-sebastiao-do-umbuzeiro"],"_links":{"self":[{"href":"https:\/\/www.caririemacao.com\/1\/wp-json\/wp\/v2\/posts\/279227","targetHints":{"allow":["GET"]}}],"collection":[{"href":"https:\/\/www.caririemacao.com\/1\/wp-json\/wp\/v2\/posts"}],"about":[{"href":"https:\/\/www.caririemacao.com\/1\/wp-json\/wp\/v2\/types\/post"}],"author":[{"embeddable":true,"href":"https:\/\/www.caririemacao.com\/1\/wp-json\/wp\/v2\/users\/6"}],"replies":[{"embeddable":true,"href":"https:\/\/www.caririemacao.com\/1\/wp-json\/wp\/v2\/comments?post=279227"}],"version-history":[{"count":1,"href":"https:\/\/www.caririemacao.com\/1\/wp-json\/wp\/v2\/posts\/279227\/revisions"}],"predecessor-version":[{"id":279228,"href":"https:\/\/www.caririemacao.com\/1\/wp-json\/wp\/v2\/posts\/279227\/revisions\/279228"}],"wp:featuredmedia":[{"embeddable":true,"href":"https:\/\/www.caririemacao.com\/1\/wp-json\/wp\/v2\/media\/272492"}],"wp:attachment":[{"href":"https:\/\/www.caririemacao.com\/1\/wp-json\/wp\/v2\/media?parent=279227"}],"wp:term":[{"taxonomy":"category","embeddable":true,"href":"https:\/\/www.caririemacao.com\/1\/wp-json\/wp\/v2\/categories?post=279227"},{"taxonomy":"post_tag","embeddable":true,"href":"https:\/\/www.caririemacao.com\/1\/wp-json\/wp\/v2\/tags?post=279227"}],"curies":[{"name":"wp","href":"https:\/\/api.w.org\/{rel}","templated":true}]}}