{"id":279422,"date":"2024-01-09T11:14:40","date_gmt":"2024-01-09T14:14:40","guid":{"rendered":"https:\/\/www.caririemacao.com\/1\/?p=279422"},"modified":"2024-01-09T11:14:40","modified_gmt":"2024-01-09T14:14:40","slug":"padre-fabricio-celebra-15-anos-de-sacerdocio","status":"publish","type":"post","link":"https:\/\/www.caririemacao.com\/1\/2024\/01\/09\/padre-fabricio-celebra-15-anos-de-sacerdocio\/","title":{"rendered":"Padre Fabr\u00edcio celebra 15 anos de sacerd\u00f3cio"},"content":{"rendered":"<p>Reconhecido em todo o Nordeste por seu trabalho evangelizador, o Padre Fabr\u00edcio celebra neste dia 09 de janeiro, 15 anos de ordena\u00e7\u00e3o sacerdotal. Jovem prod\u00edgio da Diocese de Patos desde o in\u00edcio dos anos 2000, o referido P\u00e1roco de Tapero\u00e1 tem se notabilizado em toda a regi\u00e3o pelas celebra\u00e7\u00f5es que j\u00e1 chegaram a arregimentar mais de 100 mil pessoas no cariri paraibano.<\/p>\n<p>Com um programa radiof\u00f4nico semanal e por interm\u00e9dio das redes sociais virtuais, o Padre Fabr\u00edcio tem potencializado a dissemina\u00e7\u00e3o do evangelho. O \u201cTer\u00e7o da supera\u00e7\u00e3o\u201d alcan\u00e7a picos de 18 mil pessoas simult\u00e2neas \u00e0s ter\u00e7as-feiras, o \u201cIgreja em miss\u00e3o\u201d \u00e9 l\u00edder de audi\u00eancia no hor\u00e1rio \u00e0s sextas-feiras e as p\u00e1ginas do Instagram, Facebook e Twitter somam mais de 300 mil seguidores.<\/p>\n<p>Toda essa capilaridade mission\u00e1ria o rendeu a compara\u00e7\u00e3o com o Frei Dami\u00e3o, amada pelos devotos por seu comprometimento social, intensa peregrina\u00e7\u00e3o religiosa e carisma genu\u00edno. A exemplo do frade capuchinho, Padre Fabr\u00edcio arregimenta uma autoridade moral e consist\u00eancia discursiva que ganham sentido e for\u00e7a junto \u00e0s massas \u00e0 medida que a popula\u00e7\u00e3o reconhece nele, um aut\u00eantico testemunho prof\u00e9tico.<\/p>\n<p>\u00c9 por essas raz\u00f5es que no cora\u00e7\u00e3o do Estado floresce uma primavera cat\u00f3lica que atrai caravanas de todos os recantos, conclamadas pela mensagem salv\u00edfica de Jesus que ressignifica os sentidos da experi\u00eancia humana, em meio \u00e0s tens\u00f5es socioculturais e existenciais que eclodem na sociedade contempor\u00e2nea.<\/p>\n<p>O \u201csolo da supera\u00e7\u00e3o\u201d j\u00e1 ressoa frutos!<\/p>\n","protected":false},"excerpt":{"rendered":"<p>Reconhecido em todo o Nordeste por seu trabalho evangelizador, o Padre Fabr\u00edcio celebra neste dia 09 de janeiro, 15 anos de ordena\u00e7\u00e3o sacerdotal. Jovem prod\u00edgio&hellip; <\/p>\n","protected":false},"author":6,"featured_media":279423,"comment_status":"closed","ping_status":"closed","sticky":false,"template":"","format":"standard","meta":{"sfsi_plus_gutenberg_text_before_share":"","sfsi_plus_gutenberg_show_text_before_share":"","sfsi_plus_gutenberg_icon_type":"","sfsi_plus_gutenberg_icon_alignemt":"","sfsi_plus_gutenburg_max_per_row":"","footnotes":""},"categories":[106,50],"tags":[],"class_list":["post-279422","post","type-post","status-publish","format-standard","has-post-thumbnail","hentry","category-cariri","category-destaque"],"_links":{"self":[{"href":"https:\/\/www.caririemacao.com\/1\/wp-json\/wp\/v2\/posts\/279422","targetHints":{"allow":["GET"]}}],"collection":[{"href":"https:\/\/www.caririemacao.com\/1\/wp-json\/wp\/v2\/posts"}],"about":[{"href":"https:\/\/www.caririemacao.com\/1\/wp-json\/wp\/v2\/types\/post"}],"author":[{"embeddable":true,"href":"https:\/\/www.caririemacao.com\/1\/wp-json\/wp\/v2\/users\/6"}],"replies":[{"embeddable":true,"href":"https:\/\/www.caririemacao.com\/1\/wp-json\/wp\/v2\/comments?post=279422"}],"version-history":[{"count":1,"href":"https:\/\/www.caririemacao.com\/1\/wp-json\/wp\/v2\/posts\/279422\/revisions"}],"predecessor-version":[{"id":279424,"href":"https:\/\/www.caririemacao.com\/1\/wp-json\/wp\/v2\/posts\/279422\/revisions\/279424"}],"wp:featuredmedia":[{"embeddable":true,"href":"https:\/\/www.caririemacao.com\/1\/wp-json\/wp\/v2\/media\/279423"}],"wp:attachment":[{"href":"https:\/\/www.caririemacao.com\/1\/wp-json\/wp\/v2\/media?parent=279422"}],"wp:term":[{"taxonomy":"category","embeddable":true,"href":"https:\/\/www.caririemacao.com\/1\/wp-json\/wp\/v2\/categories?post=279422"},{"taxonomy":"post_tag","embeddable":true,"href":"https:\/\/www.caririemacao.com\/1\/wp-json\/wp\/v2\/tags?post=279422"}],"curies":[{"name":"wp","href":"https:\/\/api.w.org\/{rel}","templated":true}]}}