{"id":279428,"date":"2024-01-09T11:19:10","date_gmt":"2024-01-09T14:19:10","guid":{"rendered":"https:\/\/www.caririemacao.com\/1\/?p=279428"},"modified":"2024-01-09T11:19:10","modified_gmt":"2024-01-09T14:19:10","slug":"prefeitura-de-sao-sebastiao-do-umbuzeiro-divulga-programacao-completa-da-maior-festa-de-padroeiro-do-brasil","status":"publish","type":"post","link":"https:\/\/www.caririemacao.com\/1\/2024\/01\/09\/prefeitura-de-sao-sebastiao-do-umbuzeiro-divulga-programacao-completa-da-maior-festa-de-padroeiro-do-brasil\/","title":{"rendered":"Prefeitura de S\u00e3o Sebasti\u00e3o do Umbuzeiro divulga programa\u00e7\u00e3o completa da maior festa de padroeiro do Brasil"},"content":{"rendered":"<p>A prefeitura de S\u00e3o Sebasti\u00e3o, do Umbuzeiro, em parceria com a Par\u00f3quia Local, Comiss\u00e3o Organizadora e Noiteiros, est\u00e1 promovendo a 112\u00aa edi\u00e7\u00e3o da festa do padroeiro S\u00e3o Sebasti\u00e3o, a maior festa do g\u00eanero do pa\u00eds.<\/p>\n<p>Este ano, mais uma vez a festa ser\u00e1 grandiosa tanto em sua tradicional programa\u00e7\u00e3o religiosa e cultural, quanto na parte dos tradicionais shows, que acontecem em pra\u00e7a p\u00fablica de 10 a 20 de janeiro, com atra\u00e7\u00f5es que atraem turistas e s\u00e3osebastianenses distantes, de todos os recantos do pa\u00eds.<\/p>\n<p>A programa\u00e7\u00e3o completa foi divulgada esta semana e contar\u00e1 com atra\u00e7\u00f5es do n\u00edvel da banda Desejo de Menina, Guilherme Topado, Nanara Belo e V\u00edtor Fernandes.<\/p>\n<p>Al\u00e9m destas atra\u00e7\u00f5es, os m\u00fasicos e artistas da terra tamb\u00e9m tem total espa\u00e7o na programa\u00e7\u00e3o, sem contar os tradicionais eventos culturais, \u00e0 exemplo da missa do vaqueiro que re\u00fane centenas de vaqueiros de todo o Nordeste.<\/p>\n","protected":false},"excerpt":{"rendered":"<p>A prefeitura de S\u00e3o Sebasti\u00e3o, do Umbuzeiro, em parceria com a Par\u00f3quia Local, Comiss\u00e3o Organizadora e Noiteiros, est\u00e1 promovendo a 112\u00aa edi\u00e7\u00e3o da festa do&hellip; <\/p>\n","protected":false},"author":6,"featured_media":279429,"comment_status":"closed","ping_status":"closed","sticky":false,"template":"","format":"standard","meta":{"sfsi_plus_gutenberg_text_before_share":"","sfsi_plus_gutenberg_show_text_before_share":"","sfsi_plus_gutenberg_icon_type":"","sfsi_plus_gutenberg_icon_alignemt":"","sfsi_plus_gutenburg_max_per_row":"","footnotes":""},"categories":[50,92],"tags":[],"class_list":["post-279428","post","type-post","status-publish","format-standard","has-post-thumbnail","hentry","category-destaque","category-sao-sebastiao-do-umbuzeiro"],"_links":{"self":[{"href":"https:\/\/www.caririemacao.com\/1\/wp-json\/wp\/v2\/posts\/279428","targetHints":{"allow":["GET"]}}],"collection":[{"href":"https:\/\/www.caririemacao.com\/1\/wp-json\/wp\/v2\/posts"}],"about":[{"href":"https:\/\/www.caririemacao.com\/1\/wp-json\/wp\/v2\/types\/post"}],"author":[{"embeddable":true,"href":"https:\/\/www.caririemacao.com\/1\/wp-json\/wp\/v2\/users\/6"}],"replies":[{"embeddable":true,"href":"https:\/\/www.caririemacao.com\/1\/wp-json\/wp\/v2\/comments?post=279428"}],"version-history":[{"count":1,"href":"https:\/\/www.caririemacao.com\/1\/wp-json\/wp\/v2\/posts\/279428\/revisions"}],"predecessor-version":[{"id":279430,"href":"https:\/\/www.caririemacao.com\/1\/wp-json\/wp\/v2\/posts\/279428\/revisions\/279430"}],"wp:featuredmedia":[{"embeddable":true,"href":"https:\/\/www.caririemacao.com\/1\/wp-json\/wp\/v2\/media\/279429"}],"wp:attachment":[{"href":"https:\/\/www.caririemacao.com\/1\/wp-json\/wp\/v2\/media?parent=279428"}],"wp:term":[{"taxonomy":"category","embeddable":true,"href":"https:\/\/www.caririemacao.com\/1\/wp-json\/wp\/v2\/categories?post=279428"},{"taxonomy":"post_tag","embeddable":true,"href":"https:\/\/www.caririemacao.com\/1\/wp-json\/wp\/v2\/tags?post=279428"}],"curies":[{"name":"wp","href":"https:\/\/api.w.org\/{rel}","templated":true}]}}