{"id":279431,"date":"2024-01-09T12:29:42","date_gmt":"2024-01-09T15:29:42","guid":{"rendered":"https:\/\/www.caririemacao.com\/1\/?p=279431"},"modified":"2024-01-09T12:29:42","modified_gmt":"2024-01-09T15:29:42","slug":"jovem-morre-ao-cair-dentro-de-poco-na-zona-rural-de-sume","status":"publish","type":"post","link":"https:\/\/www.caririemacao.com\/1\/2024\/01\/09\/jovem-morre-ao-cair-dentro-de-poco-na-zona-rural-de-sume\/","title":{"rendered":"Jovem morre ao cair dentro de po\u00e7o na zona rural de Sum\u00e9"},"content":{"rendered":"<p>Um jovem identificado como Jos\u00e9 C\u00e9sar de Jesus, de apenas 14 anos, faleceu nesta ter\u00e7a-feira (09), na cidade de Sum\u00e9, no Cariri paraibano.<\/p>\n<p>De acordo com informa\u00e7\u00f5es, o jovem morreu na comunidade do Riach\u00e3o, zona rural do muic\u00edpio, ap\u00f3s cair dentro de Po\u00e7o. As autoridades policias j\u00e1 foram acionadas e est\u00e3o no local.<\/p>\n<p>Com R\u00e1dio Cidade de Sum\u00e9<\/p>\n","protected":false},"excerpt":{"rendered":"<p>Um jovem identificado como Jos\u00e9 C\u00e9sar de Jesus, de apenas 14 anos, faleceu nesta ter\u00e7a-feira (09), na cidade de Sum\u00e9, no Cariri paraibano. De acordo&hellip; <\/p>\n","protected":false},"author":6,"featured_media":279432,"comment_status":"closed","ping_status":"closed","sticky":false,"template":"","format":"standard","meta":{"sfsi_plus_gutenberg_text_before_share":"","sfsi_plus_gutenberg_show_text_before_share":"","sfsi_plus_gutenberg_icon_type":"","sfsi_plus_gutenberg_icon_alignemt":"","sfsi_plus_gutenburg_max_per_row":"","footnotes":""},"categories":[50,95],"tags":[],"class_list":["post-279431","post","type-post","status-publish","format-standard","has-post-thumbnail","hentry","category-destaque","category-sume"],"_links":{"self":[{"href":"https:\/\/www.caririemacao.com\/1\/wp-json\/wp\/v2\/posts\/279431","targetHints":{"allow":["GET"]}}],"collection":[{"href":"https:\/\/www.caririemacao.com\/1\/wp-json\/wp\/v2\/posts"}],"about":[{"href":"https:\/\/www.caririemacao.com\/1\/wp-json\/wp\/v2\/types\/post"}],"author":[{"embeddable":true,"href":"https:\/\/www.caririemacao.com\/1\/wp-json\/wp\/v2\/users\/6"}],"replies":[{"embeddable":true,"href":"https:\/\/www.caririemacao.com\/1\/wp-json\/wp\/v2\/comments?post=279431"}],"version-history":[{"count":1,"href":"https:\/\/www.caririemacao.com\/1\/wp-json\/wp\/v2\/posts\/279431\/revisions"}],"predecessor-version":[{"id":279433,"href":"https:\/\/www.caririemacao.com\/1\/wp-json\/wp\/v2\/posts\/279431\/revisions\/279433"}],"wp:featuredmedia":[{"embeddable":true,"href":"https:\/\/www.caririemacao.com\/1\/wp-json\/wp\/v2\/media\/279432"}],"wp:attachment":[{"href":"https:\/\/www.caririemacao.com\/1\/wp-json\/wp\/v2\/media?parent=279431"}],"wp:term":[{"taxonomy":"category","embeddable":true,"href":"https:\/\/www.caririemacao.com\/1\/wp-json\/wp\/v2\/categories?post=279431"},{"taxonomy":"post_tag","embeddable":true,"href":"https:\/\/www.caririemacao.com\/1\/wp-json\/wp\/v2\/tags?post=279431"}],"curies":[{"name":"wp","href":"https:\/\/api.w.org\/{rel}","templated":true}]}}