{"id":279434,"date":"2024-01-09T22:36:12","date_gmt":"2024-01-10T01:36:12","guid":{"rendered":"https:\/\/www.caririemacao.com\/1\/?p=279434"},"modified":"2024-01-09T22:36:12","modified_gmt":"2024-01-10T01:36:12","slug":"cantor-caririzeiro-gravara-dvd-na-vaquejada-do-parque-villa-cowtry","status":"publish","type":"post","link":"https:\/\/www.caririemacao.com\/1\/2024\/01\/09\/cantor-caririzeiro-gravara-dvd-na-vaquejada-do-parque-villa-cowtry\/","title":{"rendered":"Cantor caririzeiro gravar\u00e1 DVD na vaquejada do parque Villa Cowtry"},"content":{"rendered":"<p>O cantor, compositor e m\u00fasico Kiel do Acordeon ir\u00e1 gravar o seu primeiro DVD de carreira solo no pr\u00f3ximo dia 28 de janeiro na tradicional vaquejada do Parque Villa Cowtry em Sum\u00e9, umas das maiores da Para\u00edba. Sendo uma das grandes promessas da m\u00fasica caririzeira, Kiel do Acordeon vem estruturando um carreira solo recente com repercuss\u00e3o, inclusive, internacional e o DVD marca mais uma conquista em sua trajet\u00f3ria art\u00edstica.<\/p>\n<p>Segundo Kiel, \u201ca grava\u00e7\u00e3o de um DVD \u00e9 um momento t\u00e3o sonhado por muitos artistas, pois trata-se da consagra\u00e7\u00e3o de um trabalho de ensaios, composi\u00e7\u00f5es, produ\u00e7\u00f5es, arranjos que envolve muitos amigos e profissionais. Ainda, poderemos expandir muito mais na divulga\u00e7\u00e3o da alegria e da musicalidade presentes em nossos shows para pessoas que poder\u00e3o acompanhar o nosso trabalho e apreciar da nossa rica cultura nordestina\u201d.<\/p>\n<p>O cantor promete entregar um show envolvente, com muitos estilos atrav\u00e9s de m\u00fasicas autorais e sucessos que marcaram gera\u00e7\u00f5es.<\/p>\n","protected":false},"excerpt":{"rendered":"<p>O cantor, compositor e m\u00fasico Kiel do Acordeon ir\u00e1 gravar o seu primeiro DVD de carreira solo no pr\u00f3ximo dia 28 de janeiro na tradicional&hellip; <\/p>\n","protected":false},"author":6,"featured_media":279435,"comment_status":"closed","ping_status":"closed","sticky":false,"template":"","format":"standard","meta":{"sfsi_plus_gutenberg_text_before_share":"","sfsi_plus_gutenberg_show_text_before_share":"","sfsi_plus_gutenberg_icon_type":"","sfsi_plus_gutenberg_icon_alignemt":"","sfsi_plus_gutenburg_max_per_row":"","footnotes":""},"categories":[106,50],"tags":[],"class_list":["post-279434","post","type-post","status-publish","format-standard","has-post-thumbnail","hentry","category-cariri","category-destaque"],"_links":{"self":[{"href":"https:\/\/www.caririemacao.com\/1\/wp-json\/wp\/v2\/posts\/279434","targetHints":{"allow":["GET"]}}],"collection":[{"href":"https:\/\/www.caririemacao.com\/1\/wp-json\/wp\/v2\/posts"}],"about":[{"href":"https:\/\/www.caririemacao.com\/1\/wp-json\/wp\/v2\/types\/post"}],"author":[{"embeddable":true,"href":"https:\/\/www.caririemacao.com\/1\/wp-json\/wp\/v2\/users\/6"}],"replies":[{"embeddable":true,"href":"https:\/\/www.caririemacao.com\/1\/wp-json\/wp\/v2\/comments?post=279434"}],"version-history":[{"count":1,"href":"https:\/\/www.caririemacao.com\/1\/wp-json\/wp\/v2\/posts\/279434\/revisions"}],"predecessor-version":[{"id":279436,"href":"https:\/\/www.caririemacao.com\/1\/wp-json\/wp\/v2\/posts\/279434\/revisions\/279436"}],"wp:featuredmedia":[{"embeddable":true,"href":"https:\/\/www.caririemacao.com\/1\/wp-json\/wp\/v2\/media\/279435"}],"wp:attachment":[{"href":"https:\/\/www.caririemacao.com\/1\/wp-json\/wp\/v2\/media?parent=279434"}],"wp:term":[{"taxonomy":"category","embeddable":true,"href":"https:\/\/www.caririemacao.com\/1\/wp-json\/wp\/v2\/categories?post=279434"},{"taxonomy":"post_tag","embeddable":true,"href":"https:\/\/www.caririemacao.com\/1\/wp-json\/wp\/v2\/tags?post=279434"}],"curies":[{"name":"wp","href":"https:\/\/api.w.org\/{rel}","templated":true}]}}