{"id":279437,"date":"2024-01-09T22:37:46","date_gmt":"2024-01-10T01:37:46","guid":{"rendered":"https:\/\/www.caririemacao.com\/1\/?p=279437"},"modified":"2024-01-09T22:37:46","modified_gmt":"2024-01-10T01:37:46","slug":"prefeito-onildo-de-sao-domingos-do-cariri-assina-contrato-de-r-500-mil-com-a-caixa-para-pavimentacao-na-zona-rural","status":"publish","type":"post","link":"https:\/\/www.caririemacao.com\/1\/2024\/01\/09\/prefeito-onildo-de-sao-domingos-do-cariri-assina-contrato-de-r-500-mil-com-a-caixa-para-pavimentacao-na-zona-rural\/","title":{"rendered":"Prefeito Onildo de S\u00e3o Domingos do Cariri assina contrato de R$ 500 mil com a Caixa para pavimenta\u00e7\u00e3o na zona rural"},"content":{"rendered":"<p>Em um importante passo para o desenvolvimento do munic\u00edpio de S\u00e3o Domingos do Cariri, o prefeito Onildo assinou em Campina Grande na manh\u00e3 desta ter\u00e7a-feira 09, um contrato significativo com a Caixa Econ\u00f4mica Federal. O contrato, no valor de Meio Milh\u00e3o de reais, visa impulsionar a pavimenta\u00e7\u00e3o na Zona Rural, proporcionando melhorias substanciais para a comunidade.<\/p>\n<p>Os recursos, provenientes de emendas do senador Efraim Filho. Esses investimentos refletem o compromisso e parceria dos representantes pol\u00edticos com o desenvolvimento de S\u00e3o Domingos do Cariri.<\/p>\n<p>Onildo enfatizou a transpar\u00eancia e a responsabilidade na gest\u00e3o dos recursos p\u00fablicos, garantindo que cada centavo investido ser\u00e1 utilizado de forma eficiente e em benef\u00edcio da popula\u00e7\u00e3o.<\/p>\n<p>As obras de pavimenta\u00e7\u00e3o na Zona Rural devem come\u00e7ar em breve, trazendo consigo n\u00e3o apenas melhorias tang\u00edveis, Pavimenta\u00e7\u00e3o e estradas mais seguras e acess\u00edveis, mas tamb\u00e9m promovendo o desenvolvimento econ\u00f4mico das \u00e1reas atendidas. O prefeito expressou otimismo em rela\u00e7\u00e3o aos impactos positivos que essa iniciativa trar\u00e1 para a comunidade, solidificando o compromisso da administra\u00e7\u00e3o municipal com o progresso sustent\u00e1vel de S\u00e3o Domingos do Cariri.<\/p>\n<p>\u201cEstamos focados em construir uma cidade melhor, e esses investimentos s\u00e3o fundamentais para o alcance desse objetivo\u201d, afirmou o gestor.<\/p>\n","protected":false},"excerpt":{"rendered":"<p>Em um importante passo para o desenvolvimento do munic\u00edpio de S\u00e3o Domingos do Cariri, o prefeito Onildo assinou em Campina Grande na manh\u00e3 desta ter\u00e7a-feira&hellip; <\/p>\n","protected":false},"author":6,"featured_media":279438,"comment_status":"closed","ping_status":"closed","sticky":false,"template":"","format":"standard","meta":{"sfsi_plus_gutenberg_text_before_share":"","sfsi_plus_gutenberg_show_text_before_share":"","sfsi_plus_gutenberg_icon_type":"","sfsi_plus_gutenberg_icon_alignemt":"","sfsi_plus_gutenburg_max_per_row":"","footnotes":""},"categories":[106,50],"tags":[],"class_list":["post-279437","post","type-post","status-publish","format-standard","has-post-thumbnail","hentry","category-cariri","category-destaque"],"_links":{"self":[{"href":"https:\/\/www.caririemacao.com\/1\/wp-json\/wp\/v2\/posts\/279437","targetHints":{"allow":["GET"]}}],"collection":[{"href":"https:\/\/www.caririemacao.com\/1\/wp-json\/wp\/v2\/posts"}],"about":[{"href":"https:\/\/www.caririemacao.com\/1\/wp-json\/wp\/v2\/types\/post"}],"author":[{"embeddable":true,"href":"https:\/\/www.caririemacao.com\/1\/wp-json\/wp\/v2\/users\/6"}],"replies":[{"embeddable":true,"href":"https:\/\/www.caririemacao.com\/1\/wp-json\/wp\/v2\/comments?post=279437"}],"version-history":[{"count":1,"href":"https:\/\/www.caririemacao.com\/1\/wp-json\/wp\/v2\/posts\/279437\/revisions"}],"predecessor-version":[{"id":279439,"href":"https:\/\/www.caririemacao.com\/1\/wp-json\/wp\/v2\/posts\/279437\/revisions\/279439"}],"wp:featuredmedia":[{"embeddable":true,"href":"https:\/\/www.caririemacao.com\/1\/wp-json\/wp\/v2\/media\/279438"}],"wp:attachment":[{"href":"https:\/\/www.caririemacao.com\/1\/wp-json\/wp\/v2\/media?parent=279437"}],"wp:term":[{"taxonomy":"category","embeddable":true,"href":"https:\/\/www.caririemacao.com\/1\/wp-json\/wp\/v2\/categories?post=279437"},{"taxonomy":"post_tag","embeddable":true,"href":"https:\/\/www.caririemacao.com\/1\/wp-json\/wp\/v2\/tags?post=279437"}],"curies":[{"name":"wp","href":"https:\/\/api.w.org\/{rel}","templated":true}]}}