{"id":280015,"date":"2024-01-25T09:57:46","date_gmt":"2024-01-25T12:57:46","guid":{"rendered":"https:\/\/www.caririemacao.com\/1\/?p=280015"},"modified":"2024-01-25T09:57:46","modified_gmt":"2024-01-25T12:57:46","slug":"prefeito-eden-faz-reuniao-de-avaliacao-com-usuarios-do-servico-de-hemodialise-ofertado-no-cariri","status":"publish","type":"post","link":"https:\/\/www.caririemacao.com\/1\/2024\/01\/25\/prefeito-eden-faz-reuniao-de-avaliacao-com-usuarios-do-servico-de-hemodialise-ofertado-no-cariri\/","title":{"rendered":"Prefeito \u00c9den faz reuni\u00e3o de avalia\u00e7\u00e3o com usu\u00e1rios do servi\u00e7o de Hemodi\u00e1lise ofertado no Cariri"},"content":{"rendered":"<p>Acompanhado pela secret\u00e1ria de sa\u00fade Tanniery L\u00eala e pelos vereadores Daniel L\u00eala (presidente da casa) e Ant\u00f4nio Carlos Sarmento, o prefeito \u00c9den Duarte esteve reunido com os pacientes sumeenses de hemodi\u00e1lise, que realizam tratamento na cidade de Monteiro, a fim de avaliar o servi\u00e7o e realizar algumas adequa\u00e7\u00f5es.<\/p>\n<p>Al\u00e9m destes, a diretora do Hospital Santa Filomena e parte da equipe da Nephron, que administra o servi\u00e7o, dr. Filipe, dr. Diogo Melo, nefrologista e Debora da Silva, enfermeira.<\/p>\n<p>O tratamento passou a ser realizado no Centro de Hemodi\u00e1lise do Cariri, localizado na cidade de Monteiro e n\u00e3o mais em Campina Grande, desde o \u00faltimo m\u00eas de agosto, em uma a\u00e7\u00e3o idealizada pelo governador Jo\u00e3o Azev\u00eado.<\/p>\n<p>O prefeito avaliou a reuni\u00e3o como positiva. \u201cEssa \u00e9 uma preocupa\u00e7\u00e3o da nossa gest\u00e3o. N\u00f3s lutamos para ter o servi\u00e7o de di\u00e1lise pr\u00f3ximo e vamos unir esfor\u00e7os para ajustar as falhas\u201d. \u00c9den agradeceu a parceria com o secret\u00e1rio de sa\u00fade do Estado, Dr. John e com o Governador Jo\u00e3o Azevedo.<\/p>\n<p>O Centro de Hemodi\u00e1lise do Cariri funciona atualmente com 10 m\u00e1quinas e atende cerca de 30 munic\u00edpios, promovendo a interioriza\u00e7\u00e3o da sa\u00fade, com o mesmo n\u00edvel de qualidade em todas as regi\u00f5es.<\/p>\n","protected":false},"excerpt":{"rendered":"<p>Acompanhado pela secret\u00e1ria de sa\u00fade Tanniery L\u00eala e pelos vereadores Daniel L\u00eala (presidente da casa) e Ant\u00f4nio Carlos Sarmento, o prefeito \u00c9den Duarte esteve reunido&hellip; <\/p>\n","protected":false},"author":6,"featured_media":280016,"comment_status":"closed","ping_status":"closed","sticky":false,"template":"","format":"standard","meta":{"sfsi_plus_gutenberg_text_before_share":"","sfsi_plus_gutenberg_show_text_before_share":"","sfsi_plus_gutenberg_icon_type":"","sfsi_plus_gutenberg_icon_alignemt":"","sfsi_plus_gutenburg_max_per_row":"","footnotes":""},"categories":[50,95],"tags":[],"class_list":["post-280015","post","type-post","status-publish","format-standard","has-post-thumbnail","hentry","category-destaque","category-sume"],"_links":{"self":[{"href":"https:\/\/www.caririemacao.com\/1\/wp-json\/wp\/v2\/posts\/280015","targetHints":{"allow":["GET"]}}],"collection":[{"href":"https:\/\/www.caririemacao.com\/1\/wp-json\/wp\/v2\/posts"}],"about":[{"href":"https:\/\/www.caririemacao.com\/1\/wp-json\/wp\/v2\/types\/post"}],"author":[{"embeddable":true,"href":"https:\/\/www.caririemacao.com\/1\/wp-json\/wp\/v2\/users\/6"}],"replies":[{"embeddable":true,"href":"https:\/\/www.caririemacao.com\/1\/wp-json\/wp\/v2\/comments?post=280015"}],"version-history":[{"count":1,"href":"https:\/\/www.caririemacao.com\/1\/wp-json\/wp\/v2\/posts\/280015\/revisions"}],"predecessor-version":[{"id":280017,"href":"https:\/\/www.caririemacao.com\/1\/wp-json\/wp\/v2\/posts\/280015\/revisions\/280017"}],"wp:featuredmedia":[{"embeddable":true,"href":"https:\/\/www.caririemacao.com\/1\/wp-json\/wp\/v2\/media\/280016"}],"wp:attachment":[{"href":"https:\/\/www.caririemacao.com\/1\/wp-json\/wp\/v2\/media?parent=280015"}],"wp:term":[{"taxonomy":"category","embeddable":true,"href":"https:\/\/www.caririemacao.com\/1\/wp-json\/wp\/v2\/categories?post=280015"},{"taxonomy":"post_tag","embeddable":true,"href":"https:\/\/www.caririemacao.com\/1\/wp-json\/wp\/v2\/tags?post=280015"}],"curies":[{"name":"wp","href":"https:\/\/api.w.org\/{rel}","templated":true}]}}