{"id":280021,"date":"2024-01-25T13:08:47","date_gmt":"2024-01-25T16:08:47","guid":{"rendered":"https:\/\/www.caririemacao.com\/1\/?p=280021"},"modified":"2024-01-25T13:08:47","modified_gmt":"2024-01-25T16:08:47","slug":"vacina-contra-dengue-deve-ser-distribuida-para-apenas-14-municipios-da-paraiba-em-fevereiro-diz-ministerio-da-saude","status":"publish","type":"post","link":"https:\/\/www.caririemacao.com\/1\/2024\/01\/25\/vacina-contra-dengue-deve-ser-distribuida-para-apenas-14-municipios-da-paraiba-em-fevereiro-diz-ministerio-da-saude\/","title":{"rendered":"Vacina contra dengue deve ser distribu\u00edda para apenas 14 munic\u00edpios da Para\u00edba em fevereiro, diz Minist\u00e9rio da Sa\u00fade"},"content":{"rendered":"<p>O Minist\u00e9rio da Sa\u00fade divulgou, nesta quinta-feira (25), as cidades da Para\u00edba que v\u00e3o receber, neste primeiro momento, doses da vacina contra dengue. Todos os munic\u00edpios selecionados est\u00e3o localizados na Regi\u00e3o Metropolitana de Jo\u00e3o Pessoa.<\/p>\n<p>Al\u00e9m da Capital, v\u00e3o receber imunizantes Santa Rita, Cabedelo, Bayeux, Conde, Caapor\u00e3, Sap\u00e9, Alhandra, Pitimbu, Cruz do Esp\u00edrito Santo, Lucena, Mari, Riach\u00e3o do Po\u00e7o e Sobrado. A quantidade de vacinas por cidade n\u00e3o foi divulgada ainda.<\/p>\n<p>O esquema vacinal \u00e9 aplicado em duas doses com um intervalo de tr\u00eas meses. Segundo o Minist\u00e9rio da Sa\u00fade, a divis\u00e3o das cidades foi feita em conjunto com as secretarias Estadual e municipais de Sa\u00fade.<\/p>\n<p>\u201cAs vacinas ser\u00e3o destinadas a regi\u00f5es de sa\u00fade com munic\u00edpios de grande porte com alta transmiss\u00e3o nos \u00faltimos dez anos e popula\u00e7\u00e3o residente igual ou maior a 100 mil habitantes, levando tamb\u00e9m em conta altas taxas nos \u00faltimos meses\u201d, explica o Minist\u00e9rio.<\/p>\n<p>O p\u00fablico-alvo, em 2024, ser\u00e3o crian\u00e7as e adolescentes de 10 a 14 anos, faixa et\u00e1ria que concentra o maior n\u00famero de hospitaliza\u00e7\u00e3o por dengue, depois de pessoas idosas.<\/p>\n","protected":false},"excerpt":{"rendered":"<p>O Minist\u00e9rio da Sa\u00fade divulgou, nesta quinta-feira (25), as cidades da Para\u00edba que v\u00e3o receber, neste primeiro momento, doses da vacina contra dengue. Todos os&hellip; <\/p>\n","protected":false},"author":6,"featured_media":280022,"comment_status":"closed","ping_status":"closed","sticky":false,"template":"","format":"standard","meta":{"sfsi_plus_gutenberg_text_before_share":"","sfsi_plus_gutenberg_show_text_before_share":"","sfsi_plus_gutenberg_icon_type":"","sfsi_plus_gutenberg_icon_alignemt":"","sfsi_plus_gutenburg_max_per_row":"","footnotes":""},"categories":[50,104],"tags":[],"class_list":["post-280021","post","type-post","status-publish","format-standard","has-post-thumbnail","hentry","category-destaque","category-paraiba"],"_links":{"self":[{"href":"https:\/\/www.caririemacao.com\/1\/wp-json\/wp\/v2\/posts\/280021","targetHints":{"allow":["GET"]}}],"collection":[{"href":"https:\/\/www.caririemacao.com\/1\/wp-json\/wp\/v2\/posts"}],"about":[{"href":"https:\/\/www.caririemacao.com\/1\/wp-json\/wp\/v2\/types\/post"}],"author":[{"embeddable":true,"href":"https:\/\/www.caririemacao.com\/1\/wp-json\/wp\/v2\/users\/6"}],"replies":[{"embeddable":true,"href":"https:\/\/www.caririemacao.com\/1\/wp-json\/wp\/v2\/comments?post=280021"}],"version-history":[{"count":1,"href":"https:\/\/www.caririemacao.com\/1\/wp-json\/wp\/v2\/posts\/280021\/revisions"}],"predecessor-version":[{"id":280023,"href":"https:\/\/www.caririemacao.com\/1\/wp-json\/wp\/v2\/posts\/280021\/revisions\/280023"}],"wp:featuredmedia":[{"embeddable":true,"href":"https:\/\/www.caririemacao.com\/1\/wp-json\/wp\/v2\/media\/280022"}],"wp:attachment":[{"href":"https:\/\/www.caririemacao.com\/1\/wp-json\/wp\/v2\/media?parent=280021"}],"wp:term":[{"taxonomy":"category","embeddable":true,"href":"https:\/\/www.caririemacao.com\/1\/wp-json\/wp\/v2\/categories?post=280021"},{"taxonomy":"post_tag","embeddable":true,"href":"https:\/\/www.caririemacao.com\/1\/wp-json\/wp\/v2\/tags?post=280021"}],"curies":[{"name":"wp","href":"https:\/\/api.w.org\/{rel}","templated":true}]}}