{"id":280028,"date":"2024-01-25T18:32:59","date_gmt":"2024-01-25T21:32:59","guid":{"rendered":"https:\/\/www.caririemacao.com\/1\/?p=280028"},"modified":"2024-01-25T18:33:42","modified_gmt":"2024-01-25T21:33:42","slug":"video-defesa-do-prefeito-de-nova-palmeira-se-pronuncia-apos-operacao-da-pf-e-afirma-nao-foi-encontrado-nada-que-desabone-a-conduta-do-prefeito-ailton","status":"publish","type":"post","link":"https:\/\/www.caririemacao.com\/1\/2024\/01\/25\/video-defesa-do-prefeito-de-nova-palmeira-se-pronuncia-apos-operacao-da-pf-e-afirma-nao-foi-encontrado-nada-que-desabone-a-conduta-do-prefeito-ailton\/","title":{"rendered":"V\u00eddeo: defesa do prefeito de Nova Palmeira se pronuncia ap\u00f3s opera\u00e7\u00e3o da PF e afirma: &#8220;N\u00e3o foi encontrado nada que desabone a conduta do prefeito Ailton&#8221;"},"content":{"rendered":"<p>O prefeito A\u00edlton Gomes, acompanhado pelo advogado Dr. Ravi Vasconcelos, utilizou as redes sociais para esclarecer a opera\u00e7\u00e3o realizada pela Pol\u00edcia Federal na manh\u00e3 desta quinta-feira (25), na resid\u00eancia do gestor. O advogado informou que a opera\u00e7\u00e3o tinha como objetivo a apreens\u00e3o de um documento, destacando que o mesmo n\u00e3o possui rela\u00e7\u00e3o com atos da Prefeitura ou do prefeito enquanto gestor.<\/p>\n<p>No v\u00eddeo divulgado, Dr. Ravi Vasconcelos explicou que se trata de um documento pessoal, particular, relacionado \u00e0s elei\u00e7\u00f5es de 2020. Ele ressaltou que a a\u00e7\u00e3o da Pol\u00edcia Federal n\u00e3o encontrou nenhum documento que desabone a conduta do prefeito A\u00edlton Gomes, e o mandado foi cumprido sem a apreens\u00e3o de qualquer documento.<\/p>\n<p>O advogado destacou que a oposi\u00e7\u00e3o busca, de maneira oportunista, utilizar essa situa\u00e7\u00e3o pol\u00edtica para minar a popularidade do prefeito. &#8220;\u00c9 importante esclarecer que n\u00e3o h\u00e1 nenhuma liga\u00e7\u00e3o desse documento com a gest\u00e3o municipal. Estamos tratando de um assunto particular do prefeito e n\u00e3o de atos relacionados \u00e0 Prefeitura,&#8221; afirmou Dr. Ravi Vasconcelos.<\/p>\n<p>O prefeito A\u00edlton Gomes tamb\u00e9m se pronunciou no v\u00eddeo, tranquilizando a popula\u00e7\u00e3o e refor\u00e7ando seu compromisso com a transpar\u00eancia e legalidade. &#8220;Estou tranquilo. Isso me deu ainda mais for\u00e7a para continuar trabalhando por Nova Palmeira. No dia 19, estarei viajando para Bras\u00edlia em busca de novos investimentos para o munic\u00edpio,&#8221; declarou o prefeito.<\/p>\n<p><div class=\"ose-youtube ose-uid-bb0c086289ab9e61cce1f10b04ec9d09 ose-embedpress-responsive\" style=\"width:600px; height:550px; max-height:550px; max-width:100%; display:inline-block;\" data-embed-type=\"Youtube\"><iframe allowFullScreen=\"true\" title=\"Prefeito de Nova Palmeira se pronuncia ap\u00f3s opera\u00e7\u00e3o da Pol\u00edcia Federal\" width=\"600\" height=\"550\" data-src=\"https:\/\/www.youtube.com\/embed\/NoCcOs_Lvc0?feature=oembed&color=red&rel=0&controls=1&start=&end=&fs=0&iv_load_policy=0&autoplay=0&mute=0&modestbranding=0&cc_load_policy=1&playsinline=1\" frameborder=\"0\" allow=\"accelerometer; encrypted-media;accelerometer;autoplay;clipboard-write;gyroscope;picture-in-picture clipboard-write; encrypted-media; gyroscope; picture-in-picture; web-share\" referrerpolicy=\"strict-origin-when-cross-origin\" allowfullscreen src=\"data:image\/svg+xml;base64,PHN2ZyB3aWR0aD0iMSIgaGVpZ2h0PSIxIiB4bWxucz0iaHR0cDovL3d3dy53My5vcmcvMjAwMC9zdmciPjwvc3ZnPg==\" class=\"lazyload\" data-load-mode=\"1\"><\/iframe><\/div><\/p>\n<p><strong>CARIRI EM A\u00c7\u00c3O<\/strong><\/p>\n","protected":false},"excerpt":{"rendered":"<p>O prefeito A\u00edlton Gomes, acompanhado pelo advogado Dr. Ravi Vasconcelos, utilizou as redes sociais para esclarecer a opera\u00e7\u00e3o realizada pela Pol\u00edcia Federal na manh\u00e3 desta&hellip; <\/p>\n","protected":false},"author":6,"featured_media":280029,"comment_status":"closed","ping_status":"closed","sticky":false,"template":"","format":"standard","meta":{"sfsi_plus_gutenberg_text_before_share":"","sfsi_plus_gutenberg_show_text_before_share":"","sfsi_plus_gutenberg_icon_type":"","sfsi_plus_gutenberg_icon_alignemt":"","sfsi_plus_gutenburg_max_per_row":"","footnotes":""},"categories":[50,104],"tags":[],"class_list":["post-280028","post","type-post","status-publish","format-standard","has-post-thumbnail","hentry","category-destaque","category-paraiba"],"_links":{"self":[{"href":"https:\/\/www.caririemacao.com\/1\/wp-json\/wp\/v2\/posts\/280028","targetHints":{"allow":["GET"]}}],"collection":[{"href":"https:\/\/www.caririemacao.com\/1\/wp-json\/wp\/v2\/posts"}],"about":[{"href":"https:\/\/www.caririemacao.com\/1\/wp-json\/wp\/v2\/types\/post"}],"author":[{"embeddable":true,"href":"https:\/\/www.caririemacao.com\/1\/wp-json\/wp\/v2\/users\/6"}],"replies":[{"embeddable":true,"href":"https:\/\/www.caririemacao.com\/1\/wp-json\/wp\/v2\/comments?post=280028"}],"version-history":[{"count":2,"href":"https:\/\/www.caririemacao.com\/1\/wp-json\/wp\/v2\/posts\/280028\/revisions"}],"predecessor-version":[{"id":280031,"href":"https:\/\/www.caririemacao.com\/1\/wp-json\/wp\/v2\/posts\/280028\/revisions\/280031"}],"wp:featuredmedia":[{"embeddable":true,"href":"https:\/\/www.caririemacao.com\/1\/wp-json\/wp\/v2\/media\/280029"}],"wp:attachment":[{"href":"https:\/\/www.caririemacao.com\/1\/wp-json\/wp\/v2\/media?parent=280028"}],"wp:term":[{"taxonomy":"category","embeddable":true,"href":"https:\/\/www.caririemacao.com\/1\/wp-json\/wp\/v2\/categories?post=280028"},{"taxonomy":"post_tag","embeddable":true,"href":"https:\/\/www.caririemacao.com\/1\/wp-json\/wp\/v2\/tags?post=280028"}],"curies":[{"name":"wp","href":"https:\/\/api.w.org\/{rel}","templated":true}]}}