{"id":280035,"date":"2024-01-26T08:50:16","date_gmt":"2024-01-26T11:50:16","guid":{"rendered":"https:\/\/www.caririemacao.com\/1\/?p=280035"},"modified":"2024-01-26T08:50:16","modified_gmt":"2024-01-26T11:50:16","slug":"com-shows-de-iguinho-e-lulinha-e-raphael-moura-festa-de-sao-sebastiao-em-cacimbinha-bate-recorde-de-publico","status":"publish","type":"post","link":"https:\/\/www.caririemacao.com\/1\/2024\/01\/26\/com-shows-de-iguinho-e-lulinha-e-raphael-moura-festa-de-sao-sebastiao-em-cacimbinha-bate-recorde-de-publico\/","title":{"rendered":"Com shows de Iguinho e Lulinha e Raphael Moura, Festa de S\u00e3o Sebasti\u00e3o em Cacimbinha bate recorde de p\u00fablico"},"content":{"rendered":"<p>O distrito da Cacimbinha, em S\u00e3o Jo\u00e3o do Tigre, viveu uma noite hist\u00f3rica durante a tradicional Festa de S\u00e3o Sebasti\u00e3o, que teve in\u00edcio na \u00faltima quinta-feira (25).<\/p>\n<p>O evento, considerado o maior de sua hist\u00f3ria, contou com apresenta\u00e7\u00f5es que agitaram o p\u00fablico, e\u00a0contou com shows de , Iguinho e Lulinha, Raphael Moura,\u00a0 Morenas do Piseiro.<\/p>\n<p><img fetchpriority=\"high\" decoding=\"async\" class=\"size-medium wp-image-280037 aligncenter\" src=\"https:\/\/www.caririemacao.com\/1\/wp-content\/uploads\/2024\/01\/WhatsApp-Image-2024-01-26-at-05.34.36-300x225.jpeg\" alt=\"\" width=\"300\" height=\"225\" srcset=\"https:\/\/www.caririemacao.com\/1\/wp-content\/uploads\/2024\/01\/WhatsApp-Image-2024-01-26-at-05.34.36-300x225.jpeg 300w, https:\/\/www.caririemacao.com\/1\/wp-content\/uploads\/2024\/01\/WhatsApp-Image-2024-01-26-at-05.34.36-768x576.jpeg 768w, https:\/\/www.caririemacao.com\/1\/wp-content\/uploads\/2024\/01\/WhatsApp-Image-2024-01-26-at-05.34.36.jpeg 1280w\" sizes=\"(max-width: 300px) 100vw, 300px\" \/><\/p>\n<p>O prefeito M\u00e1rcio Leite, em contato com o Cariri em A\u00e7\u00e3o, comemorou o sucesso da primeira noite da festa e aproveitou para convidar a popula\u00e7\u00e3o para o encerramento que acontecer\u00e1 nesta sexta.<\/p>\n<p>&#8220;Foi uma noite incr\u00edvel, com um p\u00fablico animado e shows que marcaram a hist\u00f3ria da Festa de S\u00e3o Sebasti\u00e3o em Cacimbinha. Convido todos para o encerramento nesta sexta-feira, com Leidinha Santos e Gil Camargo, mais momentos inesquec\u00edveis,&#8221; afirmou.<\/p>\n<p>O encerramento da festa, programado para esta sexta-feira, promete manter o clima de celebra\u00e7\u00e3o com shows de Leidinha Santos e Gil Camargo<\/p>\n<p><img decoding=\"async\" class=\"wp-image-280038 aligncenter lazyload\" data-src=\"https:\/\/www.caririemacao.com\/1\/wp-content\/uploads\/2024\/01\/WhatsApp-Image-2024-01-26-at-05.34.36-1-300x169.jpeg\" alt=\"\" width=\"373\" height=\"210\" data-srcset=\"https:\/\/www.caririemacao.com\/1\/wp-content\/uploads\/2024\/01\/WhatsApp-Image-2024-01-26-at-05.34.36-1-300x169.jpeg 300w, https:\/\/www.caririemacao.com\/1\/wp-content\/uploads\/2024\/01\/WhatsApp-Image-2024-01-26-at-05.34.36-1-768x432.jpeg 768w, https:\/\/www.caririemacao.com\/1\/wp-content\/uploads\/2024\/01\/WhatsApp-Image-2024-01-26-at-05.34.36-1.jpeg 1280w\" data-sizes=\"(max-width: 373px) 100vw, 373px\" src=\"data:image\/svg+xml;base64,PHN2ZyB3aWR0aD0iMSIgaGVpZ2h0PSIxIiB4bWxucz0iaHR0cDovL3d3dy53My5vcmcvMjAwMC9zdmciPjwvc3ZnPg==\" style=\"--smush-placeholder-width: 373px; --smush-placeholder-aspect-ratio: 373\/210;\" \/><\/p>\n<p><img decoding=\"async\" class=\"wp-image-280039 aligncenter lazyload\" data-src=\"https:\/\/www.caririemacao.com\/1\/wp-content\/uploads\/2024\/01\/WhatsApp-Image-2024-01-26-at-05.34.35-2-300x169.jpeg\" alt=\"\" width=\"373\" height=\"210\" data-srcset=\"https:\/\/www.caririemacao.com\/1\/wp-content\/uploads\/2024\/01\/WhatsApp-Image-2024-01-26-at-05.34.35-2-300x169.jpeg 300w, https:\/\/www.caririemacao.com\/1\/wp-content\/uploads\/2024\/01\/WhatsApp-Image-2024-01-26-at-05.34.35-2-768x432.jpeg 768w, https:\/\/www.caririemacao.com\/1\/wp-content\/uploads\/2024\/01\/WhatsApp-Image-2024-01-26-at-05.34.35-2.jpeg 1280w\" data-sizes=\"(max-width: 373px) 100vw, 373px\" src=\"data:image\/svg+xml;base64,PHN2ZyB3aWR0aD0iMSIgaGVpZ2h0PSIxIiB4bWxucz0iaHR0cDovL3d3dy53My5vcmcvMjAwMC9zdmciPjwvc3ZnPg==\" style=\"--smush-placeholder-width: 373px; --smush-placeholder-aspect-ratio: 373\/210;\" \/><\/p>\n<p><strong>CARIRI EM A\u00c7\u00c3O<\/strong><\/p>\n","protected":false},"excerpt":{"rendered":"<p>O distrito da Cacimbinha, em S\u00e3o Jo\u00e3o do Tigre, viveu uma noite hist\u00f3rica durante a tradicional Festa de S\u00e3o Sebasti\u00e3o, que teve in\u00edcio na \u00faltima&hellip; <\/p>\n","protected":false},"author":6,"featured_media":280036,"comment_status":"closed","ping_status":"closed","sticky":false,"template":"","format":"standard","meta":{"sfsi_plus_gutenberg_text_before_share":"","sfsi_plus_gutenberg_show_text_before_share":"","sfsi_plus_gutenberg_icon_type":"","sfsi_plus_gutenberg_icon_alignemt":"","sfsi_plus_gutenburg_max_per_row":"","footnotes":""},"categories":[50,89],"tags":[],"class_list":["post-280035","post","type-post","status-publish","format-standard","has-post-thumbnail","hentry","category-destaque","category-sao-joao-do-tigre"],"_links":{"self":[{"href":"https:\/\/www.caririemacao.com\/1\/wp-json\/wp\/v2\/posts\/280035","targetHints":{"allow":["GET"]}}],"collection":[{"href":"https:\/\/www.caririemacao.com\/1\/wp-json\/wp\/v2\/posts"}],"about":[{"href":"https:\/\/www.caririemacao.com\/1\/wp-json\/wp\/v2\/types\/post"}],"author":[{"embeddable":true,"href":"https:\/\/www.caririemacao.com\/1\/wp-json\/wp\/v2\/users\/6"}],"replies":[{"embeddable":true,"href":"https:\/\/www.caririemacao.com\/1\/wp-json\/wp\/v2\/comments?post=280035"}],"version-history":[{"count":1,"href":"https:\/\/www.caririemacao.com\/1\/wp-json\/wp\/v2\/posts\/280035\/revisions"}],"predecessor-version":[{"id":280040,"href":"https:\/\/www.caririemacao.com\/1\/wp-json\/wp\/v2\/posts\/280035\/revisions\/280040"}],"wp:featuredmedia":[{"embeddable":true,"href":"https:\/\/www.caririemacao.com\/1\/wp-json\/wp\/v2\/media\/280036"}],"wp:attachment":[{"href":"https:\/\/www.caririemacao.com\/1\/wp-json\/wp\/v2\/media?parent=280035"}],"wp:term":[{"taxonomy":"category","embeddable":true,"href":"https:\/\/www.caririemacao.com\/1\/wp-json\/wp\/v2\/categories?post=280035"},{"taxonomy":"post_tag","embeddable":true,"href":"https:\/\/www.caririemacao.com\/1\/wp-json\/wp\/v2\/tags?post=280035"}],"curies":[{"name":"wp","href":"https:\/\/api.w.org\/{rel}","templated":true}]}}