{"id":280041,"date":"2024-01-26T08:55:14","date_gmt":"2024-01-26T11:55:14","guid":{"rendered":"https:\/\/www.caririemacao.com\/1\/?p=280041"},"modified":"2024-01-26T08:55:14","modified_gmt":"2024-01-26T11:55:14","slug":"pre-candidato-a-vereador-em-camalau-prestigia-festa-de-sao-sebastiao-em-cacimbinha","status":"publish","type":"post","link":"https:\/\/www.caririemacao.com\/1\/2024\/01\/26\/pre-candidato-a-vereador-em-camalau-prestigia-festa-de-sao-sebastiao-em-cacimbinha\/","title":{"rendered":"Pr\u00e9-candidato a vereador em Camala\u00fa prestigia Festa de S\u00e3o Sebasti\u00e3o em Cacimbinha"},"content":{"rendered":"<p>O empres\u00e1rio do ramo t\u00eaxtil e pr\u00e9-candidato a vereador em Camala\u00fa, Nadilson F\u00e9lix, prestigiou a tradicional Festa de S\u00e3o Sebasti\u00e3o no distrito da Cacimbinha, em S\u00e3o Jo\u00e3o do Tigre.<\/p>\n<p>Acompanhado da esposa e amigos, Nadilson destacou a import\u00e2ncia de apoiar e participar das festividades locais.<\/p>\n<p>A presen\u00e7a de Nadilson F\u00e9lix na Festa de S\u00e3o Sebasti\u00e3o ressalta seu compromisso com a comunidade e sua dedica\u00e7\u00e3o em participar ativamente dos eventos que enriquecem o calend\u00e1rio cultural da regi\u00e3o.<\/p>\n<p>Em suas palavras, Nadilson F\u00e9lix enfatizou a relev\u00e2ncia de prestigiar eventos como a Festa de S\u00e3o Sebasti\u00e3o.<\/p>\n<p>&#8220;\u00c9 uma alegria estar aqui em Cacimbinha, prestigiando essa festa t\u00e3o tradicional e animada. Valorizar nossa cultura e participar ativamente desses momentos \u00e9 essencial para o fortalecimento da nossa comunidade. Camala\u00fa e toda a regi\u00e3o t\u00eam eventos maravilhosos, e \u00e9 fundamental apoi\u00e1-los.&#8221;<\/p>\n<p><img fetchpriority=\"high\" decoding=\"async\" class=\" wp-image-280043 aligncenter\" src=\"https:\/\/www.caririemacao.com\/1\/wp-content\/uploads\/2024\/01\/WhatsApp-Image-2024-01-26-at-08.51.34-225x300.jpeg\" alt=\"\" width=\"291\" height=\"388\" srcset=\"https:\/\/www.caririemacao.com\/1\/wp-content\/uploads\/2024\/01\/WhatsApp-Image-2024-01-26-at-08.51.34-225x300.jpeg 225w, https:\/\/www.caririemacao.com\/1\/wp-content\/uploads\/2024\/01\/WhatsApp-Image-2024-01-26-at-08.51.34-768x1024.jpeg 768w, https:\/\/www.caririemacao.com\/1\/wp-content\/uploads\/2024\/01\/WhatsApp-Image-2024-01-26-at-08.51.34.jpeg 960w\" sizes=\"(max-width: 291px) 100vw, 291px\" \/><\/p>\n","protected":false},"excerpt":{"rendered":"<p>O empres\u00e1rio do ramo t\u00eaxtil e pr\u00e9-candidato a vereador em Camala\u00fa, Nadilson F\u00e9lix, prestigiou a tradicional Festa de S\u00e3o Sebasti\u00e3o no distrito da Cacimbinha, em&hellip; <\/p>\n","protected":false},"author":6,"featured_media":280042,"comment_status":"closed","ping_status":"closed","sticky":false,"template":"","format":"standard","meta":{"sfsi_plus_gutenberg_text_before_share":"","sfsi_plus_gutenberg_show_text_before_share":"","sfsi_plus_gutenberg_icon_type":"","sfsi_plus_gutenberg_icon_alignemt":"","sfsi_plus_gutenburg_max_per_row":"","footnotes":""},"categories":[71,50,89],"tags":[],"class_list":["post-280041","post","type-post","status-publish","format-standard","has-post-thumbnail","hentry","category-camalau","category-destaque","category-sao-joao-do-tigre"],"_links":{"self":[{"href":"https:\/\/www.caririemacao.com\/1\/wp-json\/wp\/v2\/posts\/280041","targetHints":{"allow":["GET"]}}],"collection":[{"href":"https:\/\/www.caririemacao.com\/1\/wp-json\/wp\/v2\/posts"}],"about":[{"href":"https:\/\/www.caririemacao.com\/1\/wp-json\/wp\/v2\/types\/post"}],"author":[{"embeddable":true,"href":"https:\/\/www.caririemacao.com\/1\/wp-json\/wp\/v2\/users\/6"}],"replies":[{"embeddable":true,"href":"https:\/\/www.caririemacao.com\/1\/wp-json\/wp\/v2\/comments?post=280041"}],"version-history":[{"count":1,"href":"https:\/\/www.caririemacao.com\/1\/wp-json\/wp\/v2\/posts\/280041\/revisions"}],"predecessor-version":[{"id":280044,"href":"https:\/\/www.caririemacao.com\/1\/wp-json\/wp\/v2\/posts\/280041\/revisions\/280044"}],"wp:featuredmedia":[{"embeddable":true,"href":"https:\/\/www.caririemacao.com\/1\/wp-json\/wp\/v2\/media\/280042"}],"wp:attachment":[{"href":"https:\/\/www.caririemacao.com\/1\/wp-json\/wp\/v2\/media?parent=280041"}],"wp:term":[{"taxonomy":"category","embeddable":true,"href":"https:\/\/www.caririemacao.com\/1\/wp-json\/wp\/v2\/categories?post=280041"},{"taxonomy":"post_tag","embeddable":true,"href":"https:\/\/www.caririemacao.com\/1\/wp-json\/wp\/v2\/tags?post=280041"}],"curies":[{"name":"wp","href":"https:\/\/api.w.org\/{rel}","templated":true}]}}