{"id":280045,"date":"2024-01-26T08:56:12","date_gmt":"2024-01-26T11:56:12","guid":{"rendered":"https:\/\/www.caririemacao.com\/1\/?p=280045"},"modified":"2024-01-26T08:56:12","modified_gmt":"2024-01-26T11:56:12","slug":"veja-lista-toda-a-regiao-do-cariri-entra-em-estado-de-alerta-para-fortes-chuvas","status":"publish","type":"post","link":"https:\/\/www.caririemacao.com\/1\/2024\/01\/26\/veja-lista-toda-a-regiao-do-cariri-entra-em-estado-de-alerta-para-fortes-chuvas\/","title":{"rendered":"Veja lista: toda a regi\u00e3o do Cariri entra em estado de alerta para fortes chuvas"},"content":{"rendered":"<p>O Instituto Nacional de Meteorologia (Inmet) emitiu um novo alerta de chuvas intensas para todas as cidades da regi\u00e3o do Cariri paraibano, na manh\u00e3 desta quinta-feira (25)..<\/p>\n<p>Para todos os munic\u00edpios sob alerta amarelo de perigo potencial de chuvas, existe previs\u00e3o de chuvas entre 20 e 30 mil\u00edmetros por hora ou 50 mil\u00edmetros por dia, e ventos intensos. O risco de corte de energia el\u00e9trica, queda de galhos de \u00e1rvores, alagamentos e de descargas el\u00e9tricas \u00e9 baixo.<\/p>\n<p>Caso haja algum problema, o Inmet orienta que as pessoas entrem em contato com a Defesa Civil, por meio do n\u00famero 199, e com o Corpo de Bombeiros, por meio do n\u00famero 193.<\/p>\n<p><strong>Lista de cidades em alerta amarelo de perigo potencial de chuvas intensas<\/strong><\/p>\n<ul>\n<li>Alcantil<\/li>\n<li>Amparo<\/li>\n<li>Assun\u00e7\u00e3o<\/li>\n<li>Barra de Santana<\/li>\n<li>Barra de S\u00e3o Miguel<\/li>\n<li>Boa Vista<\/li>\n<li>Boqueir\u00e3o<\/li>\n<li>Cabaceiras<\/li>\n<li>Camala\u00fa<\/li>\n<li>Cara\u00fabas<\/li>\n<li>Caturit\u00e9<\/li>\n<li>Congo<\/li>\n<li>Coxixola<\/li>\n<li>Gurj\u00e3o<\/li>\n<li>Juazeirinho<\/li>\n<li>Livramento<\/li>\n<li>Monteiro<\/li>\n<li>Ouro Velho<\/li>\n<li>Parari<\/li>\n<li>Prata<\/li>\n<li>Riacho de Santo Ant\u00f4nio<\/li>\n<li>Santa Cec\u00edlia<\/li>\n<li>Santo Andr\u00e9<\/li>\n<li>S\u00e3o Domingos do Cariri<\/li>\n<li>S\u00e3o Jo\u00e3o do Cariri<\/li>\n<li>S\u00e3o Jo\u00e3o do Tigre<\/li>\n<li>S\u00e3o Jos\u00e9 dos Cordeiros<\/li>\n<li>S\u00e3o Sebasti\u00e3o do Umbuzeiro<\/li>\n<li>Serra Branca<\/li>\n<li>Sum\u00e9<\/li>\n<li>Tapero\u00e1<\/li>\n<li>Zabel\u00ea<\/li>\n<\/ul>\n","protected":false},"excerpt":{"rendered":"<p>O Instituto Nacional de Meteorologia (Inmet) emitiu um novo alerta de chuvas intensas para todas as cidades da regi\u00e3o do Cariri paraibano, na manh\u00e3 desta&hellip; <\/p>\n","protected":false},"author":6,"featured_media":277869,"comment_status":"closed","ping_status":"closed","sticky":false,"template":"","format":"standard","meta":{"sfsi_plus_gutenberg_text_before_share":"","sfsi_plus_gutenberg_show_text_before_share":"","sfsi_plus_gutenberg_icon_type":"","sfsi_plus_gutenberg_icon_alignemt":"","sfsi_plus_gutenburg_max_per_row":"","footnotes":""},"categories":[106,50],"tags":[],"class_list":["post-280045","post","type-post","status-publish","format-standard","has-post-thumbnail","hentry","category-cariri","category-destaque"],"_links":{"self":[{"href":"https:\/\/www.caririemacao.com\/1\/wp-json\/wp\/v2\/posts\/280045","targetHints":{"allow":["GET"]}}],"collection":[{"href":"https:\/\/www.caririemacao.com\/1\/wp-json\/wp\/v2\/posts"}],"about":[{"href":"https:\/\/www.caririemacao.com\/1\/wp-json\/wp\/v2\/types\/post"}],"author":[{"embeddable":true,"href":"https:\/\/www.caririemacao.com\/1\/wp-json\/wp\/v2\/users\/6"}],"replies":[{"embeddable":true,"href":"https:\/\/www.caririemacao.com\/1\/wp-json\/wp\/v2\/comments?post=280045"}],"version-history":[{"count":1,"href":"https:\/\/www.caririemacao.com\/1\/wp-json\/wp\/v2\/posts\/280045\/revisions"}],"predecessor-version":[{"id":280046,"href":"https:\/\/www.caririemacao.com\/1\/wp-json\/wp\/v2\/posts\/280045\/revisions\/280046"}],"wp:featuredmedia":[{"embeddable":true,"href":"https:\/\/www.caririemacao.com\/1\/wp-json\/wp\/v2\/media\/277869"}],"wp:attachment":[{"href":"https:\/\/www.caririemacao.com\/1\/wp-json\/wp\/v2\/media?parent=280045"}],"wp:term":[{"taxonomy":"category","embeddable":true,"href":"https:\/\/www.caririemacao.com\/1\/wp-json\/wp\/v2\/categories?post=280045"},{"taxonomy":"post_tag","embeddable":true,"href":"https:\/\/www.caririemacao.com\/1\/wp-json\/wp\/v2\/tags?post=280045"}],"curies":[{"name":"wp","href":"https:\/\/api.w.org\/{rel}","templated":true}]}}