{"id":280047,"date":"2024-01-26T08:57:04","date_gmt":"2024-01-26T11:57:04","guid":{"rendered":"https:\/\/www.caririemacao.com\/1\/?p=280047"},"modified":"2024-01-26T08:57:04","modified_gmt":"2024-01-26T11:57:04","slug":"em-taperoa-bebedeira-entre-amigos-termina-com-homem-esfaqueado-e-policia-civil-prende-autor-do-crime-em-menos-de-24h","status":"publish","type":"post","link":"https:\/\/www.caririemacao.com\/1\/2024\/01\/26\/em-taperoa-bebedeira-entre-amigos-termina-com-homem-esfaqueado-e-policia-civil-prende-autor-do-crime-em-menos-de-24h\/","title":{"rendered":"EM TAPERO\u00c1: Bebedeira entre amigos termina com homem esfaqueado e Pol\u00edcia Civil prende autor do crime em menos de 24h"},"content":{"rendered":"<p>Uma tentativa de homic\u00eddio foi registrada no munic\u00edpio de Tapero\u00e1, no Cariri da Para\u00edba, na manh\u00e3 desta quinta-feira (25) e, em menos de 24 horas, a Pol\u00edcia Civil conseguiu prender o autor do crime. A informa\u00e7\u00e3o chegou \u00e0 equipe da Delegacia de Pol\u00edcia de Tapero\u00e1 por volta das 10h, quando as investiga\u00e7\u00f5es foram iniciadas.<\/p>\n<p>De acordo com as informa\u00e7\u00f5es da Pol\u00edcia Civil, Josenildo da Silva, conhecido por D\u00f3da, teria sido a v\u00edtima da tentativa de homic\u00eddio durante a madrugada e estava internado no hospital da cidade.<\/p>\n<p>Em menos de uma hora, j\u00e1 se sabia o nome e o paradeiro do autor, e foi feita a pris\u00e3o em flagrante de Braz Alves Pequeno, conhecido por Nando. Ele confessou ser o autor das facadas e assumiu que chegou a ir at\u00e9 o hospital \u00e0 procura da v\u00edtima pouco tempo depois do crime. A arma usada na tentativa de homic\u00eddio foi uma faca de cozinha.<\/p>\n<p>Josenildo da Silva informou aos policiais que n\u00e3o sabe o que motivou a agress\u00e3o, j\u00e1 que n\u00e3o tinha desaven\u00e7as com ele, inclusive era colega e haviam bebido v\u00e1rias vezes juntos. Por\u00e9m, acredita que quando o acusado esteve no hospital ap\u00f3s as facadas seria para \u201cterminar o servi\u00e7o\u201d. J\u00e1 Braz Alves Pequeno alegou que a motiva\u00e7\u00e3o foi uma amea\u00e7a proferida pela v\u00edtima contra ele durante uma bebedeira. N\u00e3o havia rixa entre eles.<\/p>\n","protected":false},"excerpt":{"rendered":"<p>Uma tentativa de homic\u00eddio foi registrada no munic\u00edpio de Tapero\u00e1, no Cariri da Para\u00edba, na manh\u00e3 desta quinta-feira (25) e, em menos de 24 horas,&hellip; <\/p>\n","protected":false},"author":6,"featured_media":280048,"comment_status":"closed","ping_status":"closed","sticky":false,"template":"","format":"standard","meta":{"sfsi_plus_gutenberg_text_before_share":"","sfsi_plus_gutenberg_show_text_before_share":"","sfsi_plus_gutenberg_icon_type":"","sfsi_plus_gutenberg_icon_alignemt":"","sfsi_plus_gutenburg_max_per_row":"","footnotes":""},"categories":[106,50],"tags":[],"class_list":["post-280047","post","type-post","status-publish","format-standard","has-post-thumbnail","hentry","category-cariri","category-destaque"],"_links":{"self":[{"href":"https:\/\/www.caririemacao.com\/1\/wp-json\/wp\/v2\/posts\/280047","targetHints":{"allow":["GET"]}}],"collection":[{"href":"https:\/\/www.caririemacao.com\/1\/wp-json\/wp\/v2\/posts"}],"about":[{"href":"https:\/\/www.caririemacao.com\/1\/wp-json\/wp\/v2\/types\/post"}],"author":[{"embeddable":true,"href":"https:\/\/www.caririemacao.com\/1\/wp-json\/wp\/v2\/users\/6"}],"replies":[{"embeddable":true,"href":"https:\/\/www.caririemacao.com\/1\/wp-json\/wp\/v2\/comments?post=280047"}],"version-history":[{"count":1,"href":"https:\/\/www.caririemacao.com\/1\/wp-json\/wp\/v2\/posts\/280047\/revisions"}],"predecessor-version":[{"id":280049,"href":"https:\/\/www.caririemacao.com\/1\/wp-json\/wp\/v2\/posts\/280047\/revisions\/280049"}],"wp:featuredmedia":[{"embeddable":true,"href":"https:\/\/www.caririemacao.com\/1\/wp-json\/wp\/v2\/media\/280048"}],"wp:attachment":[{"href":"https:\/\/www.caririemacao.com\/1\/wp-json\/wp\/v2\/media?parent=280047"}],"wp:term":[{"taxonomy":"category","embeddable":true,"href":"https:\/\/www.caririemacao.com\/1\/wp-json\/wp\/v2\/categories?post=280047"},{"taxonomy":"post_tag","embeddable":true,"href":"https:\/\/www.caririemacao.com\/1\/wp-json\/wp\/v2\/tags?post=280047"}],"curies":[{"name":"wp","href":"https:\/\/api.w.org\/{rel}","templated":true}]}}