{"id":280050,"date":"2024-01-26T08:59:15","date_gmt":"2024-01-26T11:59:15","guid":{"rendered":"https:\/\/www.caririemacao.com\/1\/?p=280050"},"modified":"2024-01-26T09:02:54","modified_gmt":"2024-01-26T12:02:54","slug":"retrospectiva-dr-romualdo-percorre-quase-100-mil-km-no-primeiro-ano-de-mandato","status":"publish","type":"post","link":"https:\/\/www.caririemacao.com\/1\/2024\/01\/26\/retrospectiva-dr-romualdo-percorre-quase-100-mil-km-no-primeiro-ano-de-mandato\/","title":{"rendered":"Retrospectiva: Dr. Romualdo percorre quase 100 mil km no primeiro ano de mandato"},"content":{"rendered":"<p>Em v\u00eddeo divulgado nas redes sociais, o Deputado Estadual Dr. Romualdo (MDB) celebrou o primeiro ano de mandato relembrando momentos marcantes de 2023 e destacando a marca de quase 100 mil km rodados no exerc\u00edcio da atividade parlamentar.<\/p>\n<p>\u201cEstivemos presente em todos os munic\u00edpios do Cariri, e em alguns de outras regi\u00f5es, construindo um mandato participativo e popular, dialogando com a popula\u00e7\u00e3o e, acima de tudo, vivenciando nossa regi\u00e3o\u201d, destacou o m\u00e9dico.<\/p>\n<p>Ao longo de 2023, o m\u00e9dico, que continuou morando no Congo, cumpriu uma extensa agenda de reuni\u00f5es, visitas, atendimentos volunt\u00e1rios e atividades p\u00fablicas, al\u00e9m dos deslocamentos at\u00e9 Jo\u00e3o Pessoa para participar das Sess\u00f5es Legislativas.<\/p>\n<p>\u201cN\u00e3o \u00e9 f\u00e1cil, existem diversos sacrif\u00edcios, inclusive na vida pessoal. Mas, foi a forma que encontramos para fortalecer, ainda mais, os v\u00ednculos afetivos com a regi\u00e3o e conviver de maneira muito pr\u00f3xima com a popula\u00e7\u00e3o\u201d, finalizou o parlamentar.<\/p>\n","protected":false},"excerpt":{"rendered":"<p>Em v\u00eddeo divulgado nas redes sociais, o Deputado Estadual Dr. Romualdo (MDB) celebrou o primeiro ano de mandato relembrando momentos marcantes de 2023 e destacando&hellip; <\/p>\n","protected":false},"author":6,"featured_media":280051,"comment_status":"closed","ping_status":"closed","sticky":false,"template":"","format":"standard","meta":{"sfsi_plus_gutenberg_text_before_share":"","sfsi_plus_gutenberg_show_text_before_share":"","sfsi_plus_gutenberg_icon_type":"","sfsi_plus_gutenberg_icon_alignemt":"","sfsi_plus_gutenburg_max_per_row":"","footnotes":""},"categories":[106,50,88],"tags":[],"class_list":["post-280050","post","type-post","status-publish","format-standard","has-post-thumbnail","hentry","category-cariri","category-destaque","category-sao-joao-do-cariri"],"_links":{"self":[{"href":"https:\/\/www.caririemacao.com\/1\/wp-json\/wp\/v2\/posts\/280050","targetHints":{"allow":["GET"]}}],"collection":[{"href":"https:\/\/www.caririemacao.com\/1\/wp-json\/wp\/v2\/posts"}],"about":[{"href":"https:\/\/www.caririemacao.com\/1\/wp-json\/wp\/v2\/types\/post"}],"author":[{"embeddable":true,"href":"https:\/\/www.caririemacao.com\/1\/wp-json\/wp\/v2\/users\/6"}],"replies":[{"embeddable":true,"href":"https:\/\/www.caririemacao.com\/1\/wp-json\/wp\/v2\/comments?post=280050"}],"version-history":[{"count":2,"href":"https:\/\/www.caririemacao.com\/1\/wp-json\/wp\/v2\/posts\/280050\/revisions"}],"predecessor-version":[{"id":280053,"href":"https:\/\/www.caririemacao.com\/1\/wp-json\/wp\/v2\/posts\/280050\/revisions\/280053"}],"wp:featuredmedia":[{"embeddable":true,"href":"https:\/\/www.caririemacao.com\/1\/wp-json\/wp\/v2\/media\/280051"}],"wp:attachment":[{"href":"https:\/\/www.caririemacao.com\/1\/wp-json\/wp\/v2\/media?parent=280050"}],"wp:term":[{"taxonomy":"category","embeddable":true,"href":"https:\/\/www.caririemacao.com\/1\/wp-json\/wp\/v2\/categories?post=280050"},{"taxonomy":"post_tag","embeddable":true,"href":"https:\/\/www.caririemacao.com\/1\/wp-json\/wp\/v2\/tags?post=280050"}],"curies":[{"name":"wp","href":"https:\/\/api.w.org\/{rel}","templated":true}]}}