{"id":280054,"date":"2024-01-26T12:37:16","date_gmt":"2024-01-26T15:37:16","guid":{"rendered":"https:\/\/www.caririemacao.com\/1\/?p=280054"},"modified":"2024-01-26T12:37:16","modified_gmt":"2024-01-26T15:37:16","slug":"governo-federal-reconhece-situacao-de-emergencia-em-sao-joao-do-cariri-e-em-mais-outras-9-cidades-paraibanas","status":"publish","type":"post","link":"https:\/\/www.caririemacao.com\/1\/2024\/01\/26\/governo-federal-reconhece-situacao-de-emergencia-em-sao-joao-do-cariri-e-em-mais-outras-9-cidades-paraibanas\/","title":{"rendered":"Governo Federal reconhece situa\u00e7\u00e3o de emerg\u00eancia em S\u00e3o Jo\u00e3o do Cariri e em mais outras 9 cidades paraibanas"},"content":{"rendered":"<p>O Minist\u00e9rio da Integra\u00e7\u00e3o e do Desenvolvimento Regional (MIDR), por meio da Defesa Civil Nacional, reconheceu, nesta quinta-feira (25), a situa\u00e7\u00e3o de emerg\u00eancia em 10 cidades da Para\u00edba que enfrentam a falta de chuvas. Confira a lista completa neste link.<\/p>\n<p>Com a medida, os munic\u00edpios est\u00e3o aptos a solicitar recursos federais para atendimento \u00e0 popula\u00e7\u00e3o afetada.<\/p>\n<p>Integram a lista as cidades de Barra de Santa Rosa, Cai\u00e7ara, Cajazeiras, Caturit\u00e9, Gado Bravo, Pocinhos, S\u00e3o Jos\u00e9 da Lagoa Tapada, Sol\u00e2nea e Umbuzeiro, afetadas pela estiagem, e S\u00e3o Jo\u00e3o do Cariri, atingida pela seca, que \u00e9 um per\u00edodo de falta de chuvas mais prolongado do que a estiagem.<\/p>\n<p>No momento, 109 munic\u00edpios paraibanos est\u00e3o em estado de emerg\u00eancia devido \u00e0 estiagem e um pela seca.<\/p>\n<p>\u201cA orienta\u00e7\u00e3o do presidente Lula \u00e9 dar todo o apoio necess\u00e1rio aos munic\u00edpios atingidos por desastres, seja por excesso de chuvas, como no Rio Grande do Sul e em Santa Catarina, seja pela falta, como vem ocorrendo neste momento no Norte e Nordeste do Pa\u00eds\u201d, destaca o ministro Waldez G\u00f3es. \u201c\u00c9 importante ressaltar que n\u00e3o faltar\u00e3o recursos do Governo Federal para atender a popula\u00e7\u00e3o que vem sofrendo com a estiagem\u201d, completa.<\/p>\n","protected":false},"excerpt":{"rendered":"<p>O Minist\u00e9rio da Integra\u00e7\u00e3o e do Desenvolvimento Regional (MIDR), por meio da Defesa Civil Nacional, reconheceu, nesta quinta-feira (25), a situa\u00e7\u00e3o de emerg\u00eancia em 10&hellip; <\/p>\n","protected":false},"author":6,"featured_media":263553,"comment_status":"closed","ping_status":"closed","sticky":false,"template":"","format":"standard","meta":{"sfsi_plus_gutenberg_text_before_share":"","sfsi_plus_gutenberg_show_text_before_share":"","sfsi_plus_gutenberg_icon_type":"","sfsi_plus_gutenberg_icon_alignemt":"","sfsi_plus_gutenburg_max_per_row":"","footnotes":""},"categories":[50,88],"tags":[],"class_list":["post-280054","post","type-post","status-publish","format-standard","has-post-thumbnail","hentry","category-destaque","category-sao-joao-do-cariri"],"_links":{"self":[{"href":"https:\/\/www.caririemacao.com\/1\/wp-json\/wp\/v2\/posts\/280054","targetHints":{"allow":["GET"]}}],"collection":[{"href":"https:\/\/www.caririemacao.com\/1\/wp-json\/wp\/v2\/posts"}],"about":[{"href":"https:\/\/www.caririemacao.com\/1\/wp-json\/wp\/v2\/types\/post"}],"author":[{"embeddable":true,"href":"https:\/\/www.caririemacao.com\/1\/wp-json\/wp\/v2\/users\/6"}],"replies":[{"embeddable":true,"href":"https:\/\/www.caririemacao.com\/1\/wp-json\/wp\/v2\/comments?post=280054"}],"version-history":[{"count":1,"href":"https:\/\/www.caririemacao.com\/1\/wp-json\/wp\/v2\/posts\/280054\/revisions"}],"predecessor-version":[{"id":280055,"href":"https:\/\/www.caririemacao.com\/1\/wp-json\/wp\/v2\/posts\/280054\/revisions\/280055"}],"wp:featuredmedia":[{"embeddable":true,"href":"https:\/\/www.caririemacao.com\/1\/wp-json\/wp\/v2\/media\/263553"}],"wp:attachment":[{"href":"https:\/\/www.caririemacao.com\/1\/wp-json\/wp\/v2\/media?parent=280054"}],"wp:term":[{"taxonomy":"category","embeddable":true,"href":"https:\/\/www.caririemacao.com\/1\/wp-json\/wp\/v2\/categories?post=280054"},{"taxonomy":"post_tag","embeddable":true,"href":"https:\/\/www.caririemacao.com\/1\/wp-json\/wp\/v2\/tags?post=280054"}],"curies":[{"name":"wp","href":"https:\/\/api.w.org\/{rel}","templated":true}]}}