{"id":280059,"date":"2024-01-26T12:40:35","date_gmt":"2024-01-26T15:40:35","guid":{"rendered":"https:\/\/www.caririemacao.com\/1\/?p=280059"},"modified":"2024-01-26T12:40:35","modified_gmt":"2024-01-26T15:40:35","slug":"governo-pagara-ate-r-9-200-em-poupanca-para-estudantes-de-baixa-renda-concluirem-ensino-medio","status":"publish","type":"post","link":"https:\/\/www.caririemacao.com\/1\/2024\/01\/26\/governo-pagara-ate-r-9-200-em-poupanca-para-estudantes-de-baixa-renda-concluirem-ensino-medio\/","title":{"rendered":"Governo pagar\u00e1 at\u00e9 R$ 9.200 em poupan\u00e7a para estudantes de baixa renda conclu\u00edrem ensino m\u00e9dio"},"content":{"rendered":"<p>O ministro da Educa\u00e7\u00e3o, Camilo Santana, anunciou nesta sexta-feira (26) que o governo federal pagar\u00e1 at\u00e9 R$ 9.200 a cada aluno do ensino m\u00e9dio da rede p\u00fablica inscrito no Cadastro \u00danico para Programa Sociais (Cad\u00danico). O custo anual do programa chamado\u00a0\u201cP\u00e9-de-Meia: A Poupan\u00e7a do Ensino M\u00e9dio\u201d\u00a0\u00e9 estimado em R$ 7,1 bilh\u00f5es anuais.<\/p>\n<p>At\u00e9 2,5 milh\u00f5es de estudantes poder\u00e3o ser atendidos, de acordo com estimativas do governo.<\/p>\n<h2 class=\"wp-block-heading\">Como funciona o programa?<\/h2>\n<ul>\n<li>No ato de matr\u00edcula realizado no in\u00edcio de cada ano letivo, os estudantes receber\u00e3o, em parcelas \u00fanicas, o valor de R$ 200;<\/li>\n<li>Posteriormente,\u00a0ser\u00e3o pagas 27 parcelas mensais de R$ 200, desde que os alunos tenham\u00a080% de frequ\u00eancia nas aulas;<\/li>\n<li>Ap\u00f3s a conclus\u00e3o de cada ano do Ensino M\u00e9dio, haver\u00e1 um b\u00f4nus de R$ 1.000, tamb\u00e9m pago em parcela \u00fanica;<\/li>\n<li>Al\u00e9m disso, os alunos do 3\u00ba ano do Ensino M\u00e9dio receber\u00e3o\u00a0R$ 200 pela participa\u00e7\u00e3o no Exame Nacional do Ensino M\u00e9dio (Enem).<\/li>\n<\/ul>\n<p>CNN Brasil<\/p>\n","protected":false},"excerpt":{"rendered":"<p>O ministro da Educa\u00e7\u00e3o, Camilo Santana, anunciou nesta sexta-feira (26) que o governo federal pagar\u00e1 at\u00e9 R$ 9.200 a cada aluno do ensino m\u00e9dio da&hellip; <\/p>\n","protected":false},"author":6,"featured_media":280060,"comment_status":"closed","ping_status":"closed","sticky":false,"template":"","format":"standard","meta":{"sfsi_plus_gutenberg_text_before_share":"","sfsi_plus_gutenberg_show_text_before_share":"","sfsi_plus_gutenberg_icon_type":"","sfsi_plus_gutenberg_icon_alignemt":"","sfsi_plus_gutenburg_max_per_row":"","footnotes":""},"categories":[123,50],"tags":[],"class_list":["post-280059","post","type-post","status-publish","format-standard","has-post-thumbnail","hentry","category-brasil","category-destaque"],"_links":{"self":[{"href":"https:\/\/www.caririemacao.com\/1\/wp-json\/wp\/v2\/posts\/280059","targetHints":{"allow":["GET"]}}],"collection":[{"href":"https:\/\/www.caririemacao.com\/1\/wp-json\/wp\/v2\/posts"}],"about":[{"href":"https:\/\/www.caririemacao.com\/1\/wp-json\/wp\/v2\/types\/post"}],"author":[{"embeddable":true,"href":"https:\/\/www.caririemacao.com\/1\/wp-json\/wp\/v2\/users\/6"}],"replies":[{"embeddable":true,"href":"https:\/\/www.caririemacao.com\/1\/wp-json\/wp\/v2\/comments?post=280059"}],"version-history":[{"count":1,"href":"https:\/\/www.caririemacao.com\/1\/wp-json\/wp\/v2\/posts\/280059\/revisions"}],"predecessor-version":[{"id":280061,"href":"https:\/\/www.caririemacao.com\/1\/wp-json\/wp\/v2\/posts\/280059\/revisions\/280061"}],"wp:featuredmedia":[{"embeddable":true,"href":"https:\/\/www.caririemacao.com\/1\/wp-json\/wp\/v2\/media\/280060"}],"wp:attachment":[{"href":"https:\/\/www.caririemacao.com\/1\/wp-json\/wp\/v2\/media?parent=280059"}],"wp:term":[{"taxonomy":"category","embeddable":true,"href":"https:\/\/www.caririemacao.com\/1\/wp-json\/wp\/v2\/categories?post=280059"},{"taxonomy":"post_tag","embeddable":true,"href":"https:\/\/www.caririemacao.com\/1\/wp-json\/wp\/v2\/tags?post=280059"}],"curies":[{"name":"wp","href":"https:\/\/api.w.org\/{rel}","templated":true}]}}