{"id":280062,"date":"2024-01-26T15:09:12","date_gmt":"2024-01-26T18:09:12","guid":{"rendered":"https:\/\/www.caririemacao.com\/1\/?p=280062"},"modified":"2024-01-26T15:09:12","modified_gmt":"2024-01-26T18:09:12","slug":"paraibano-gabarita-mega-sena-mas-perde-r-58-milhoes-por-nao-pagar-bilhete","status":"publish","type":"post","link":"https:\/\/www.caririemacao.com\/1\/2024\/01\/26\/paraibano-gabarita-mega-sena-mas-perde-r-58-milhoes-por-nao-pagar-bilhete\/","title":{"rendered":"Paraibano \u2018gabarita\u2019 Mega-Sena, mas perde R$ 58 milh\u00f5es por n\u00e3o pagar bilhete"},"content":{"rendered":"<p>A sorte at\u00e9 sorriu para um grupo de 28 paraibanos, mas um deles n\u00e3o sorriu de volta. \u00c9 que Robson Vicente participa de um grupo que jogou no bol\u00e3o da Mega-Sena, que foi sorteada nessa quinta-feira (26), mas somente ele n\u00e3o pagou o bilhete, que custava R$ 5 reais. Foi justamente o motorista de transporte alternativo que acertou todos os n\u00fameros da loteria e, portanto, deixou de embolsar um pr\u00eamio de R$ 58 milh\u00f5es.<\/p>\n<p>O grupo chegou acertar tr\u00eas de seis n\u00fameros no Mega da Virada. Com isso, eles passaram a repetir os jogos todas as ter\u00e7as, quintas e s\u00e1bados. Para essa quinta-feira, 27 integrantes registraram, menos um. O motivo, diante da circunst\u00e2ncia, chega a ser inusitado.<\/p>\n<p>\u201cFizemos os jogos, mas um participante ficou fora. Ele explicou que o carro dele tinha quebrado e que ele estava em Lucena. Por isso, ele n\u00e3o jogou. Quando eu fui conferir, os n\u00fameros do rapaz que ficou deu os seis n\u00fameros todinho. Hoje, era para a gente estar milion\u00e1rios, cada um com R$ 2 milh\u00f5es\u201d, explicou um integrante do grupo.<\/p>\n<p>Os n\u00fameros sorteados foram no bol\u00e3o dessa quinta-feira foram\u00a003 \u2013 11 \u2013 42 \u2013 45 \u2013 46 \u2013 57. Como ningu\u00e9m gabaritou, o pr\u00eamio do concurso 2.680 da Mega-Sena ficou acumulado em R$ 65 milh\u00f5es. O pr\u00f3ximo sorteio acontecer\u00e1 neste s\u00e1bado (27).<\/p>\n<p>Portal Correio<\/p>\n","protected":false},"excerpt":{"rendered":"<p>A sorte at\u00e9 sorriu para um grupo de 28 paraibanos, mas um deles n\u00e3o sorriu de volta. \u00c9 que Robson Vicente participa de um grupo&hellip; <\/p>\n","protected":false},"author":6,"featured_media":256873,"comment_status":"closed","ping_status":"closed","sticky":false,"template":"","format":"standard","meta":{"sfsi_plus_gutenberg_text_before_share":"","sfsi_plus_gutenberg_show_text_before_share":"","sfsi_plus_gutenberg_icon_type":"","sfsi_plus_gutenberg_icon_alignemt":"","sfsi_plus_gutenburg_max_per_row":"","footnotes":""},"categories":[50,104],"tags":[],"class_list":["post-280062","post","type-post","status-publish","format-standard","has-post-thumbnail","hentry","category-destaque","category-paraiba"],"_links":{"self":[{"href":"https:\/\/www.caririemacao.com\/1\/wp-json\/wp\/v2\/posts\/280062","targetHints":{"allow":["GET"]}}],"collection":[{"href":"https:\/\/www.caririemacao.com\/1\/wp-json\/wp\/v2\/posts"}],"about":[{"href":"https:\/\/www.caririemacao.com\/1\/wp-json\/wp\/v2\/types\/post"}],"author":[{"embeddable":true,"href":"https:\/\/www.caririemacao.com\/1\/wp-json\/wp\/v2\/users\/6"}],"replies":[{"embeddable":true,"href":"https:\/\/www.caririemacao.com\/1\/wp-json\/wp\/v2\/comments?post=280062"}],"version-history":[{"count":1,"href":"https:\/\/www.caririemacao.com\/1\/wp-json\/wp\/v2\/posts\/280062\/revisions"}],"predecessor-version":[{"id":280063,"href":"https:\/\/www.caririemacao.com\/1\/wp-json\/wp\/v2\/posts\/280062\/revisions\/280063"}],"wp:featuredmedia":[{"embeddable":true,"href":"https:\/\/www.caririemacao.com\/1\/wp-json\/wp\/v2\/media\/256873"}],"wp:attachment":[{"href":"https:\/\/www.caririemacao.com\/1\/wp-json\/wp\/v2\/media?parent=280062"}],"wp:term":[{"taxonomy":"category","embeddable":true,"href":"https:\/\/www.caririemacao.com\/1\/wp-json\/wp\/v2\/categories?post=280062"},{"taxonomy":"post_tag","embeddable":true,"href":"https:\/\/www.caririemacao.com\/1\/wp-json\/wp\/v2\/tags?post=280062"}],"curies":[{"name":"wp","href":"https:\/\/api.w.org\/{rel}","templated":true}]}}