{"id":280064,"date":"2024-01-26T15:10:31","date_gmt":"2024-01-26T18:10:31","guid":{"rendered":"https:\/\/www.caririemacao.com\/1\/?p=280064"},"modified":"2024-01-26T15:10:31","modified_gmt":"2024-01-26T18:10:31","slug":"jair-bolsonaro-deve-vir-a-paraiba-em-fevereiro-para-cumprir-agenda-politica","status":"publish","type":"post","link":"https:\/\/www.caririemacao.com\/1\/2024\/01\/26\/jair-bolsonaro-deve-vir-a-paraiba-em-fevereiro-para-cumprir-agenda-politica\/","title":{"rendered":"Jair Bolsonaro deve vir \u00e0 Para\u00edba em fevereiro para cumprir agenda pol\u00edtica"},"content":{"rendered":"<p>O ex-presidente Jair Bolsonaro deve vir cumprir agenda pol\u00edtica na Para\u00edba, em fevereiro. Segundo informa\u00e7\u00f5es, estaria se programando para ficar dias 16 e 17 se reunindo com lideran\u00e7as do PL no estado. Jair Bolsonaro pode cumprir agenda em Jo\u00e3o Pessoa, Bayeux e Santa Rita.<\/p>\n<p>Em Jo\u00e3o Pessoa, o encontro deve ser conduzido pelo ex-ministro da sa\u00fade e pr\u00e9-candidato a prefeito, Marcelo Queiroga, nome escolhido pelo pr\u00f3prio Bolsonaro para entrar na disputa pela Prefeitura da Capital nas elei\u00e7\u00f5es deste ano.<\/p>\n<h5 class=\"wp-block-heading\">Jair Bolsonaro pode ir a Bayeux e Santa Rita<\/h5>\n<p>Jair Bolsonaro deve avan\u00e7ar para outras cidades durante a visita para analisar a possibilidade de candidaturas pr\u00f3prias ou alian\u00e7as que fortale\u00e7am o partido.<\/p>\n<p>Em Santa Rita, por exemplo,\u00a0Bruno Roberto\u00a0\u2013 filho de Wellington Roberto \u2013 se adiantou e disse que o PL j\u00e1 possui nome para disputar prefeitura de Santa Rita e descarta Nilvan Ferreira: \u201cestamos com Fl\u00e1vio Panta\u201d.<\/p>\n<p>Para Bayeux, os rumos do partidos est\u00e3o indefinidos e pode surgir um nome ou poss\u00edvel alian\u00e7a durante a visita do ex-presidente.<\/p>\n<p>A visita de Bolsonaro pode se estender tamb\u00e9m para Cabedelo.<\/p>\n<p>&nbsp;<\/p>\n<p><em>Com ClickPB<\/em><\/p>\n","protected":false},"excerpt":{"rendered":"<p>O ex-presidente Jair Bolsonaro deve vir cumprir agenda pol\u00edtica na Para\u00edba, em fevereiro. Segundo informa\u00e7\u00f5es, estaria se programando para ficar dias 16 e 17 se&hellip; <\/p>\n","protected":false},"author":6,"featured_media":264411,"comment_status":"closed","ping_status":"closed","sticky":false,"template":"","format":"standard","meta":{"sfsi_plus_gutenberg_text_before_share":"","sfsi_plus_gutenberg_show_text_before_share":"","sfsi_plus_gutenberg_icon_type":"","sfsi_plus_gutenberg_icon_alignemt":"","sfsi_plus_gutenburg_max_per_row":"","footnotes":""},"categories":[50,104],"tags":[],"class_list":["post-280064","post","type-post","status-publish","format-standard","has-post-thumbnail","hentry","category-destaque","category-paraiba"],"_links":{"self":[{"href":"https:\/\/www.caririemacao.com\/1\/wp-json\/wp\/v2\/posts\/280064","targetHints":{"allow":["GET"]}}],"collection":[{"href":"https:\/\/www.caririemacao.com\/1\/wp-json\/wp\/v2\/posts"}],"about":[{"href":"https:\/\/www.caririemacao.com\/1\/wp-json\/wp\/v2\/types\/post"}],"author":[{"embeddable":true,"href":"https:\/\/www.caririemacao.com\/1\/wp-json\/wp\/v2\/users\/6"}],"replies":[{"embeddable":true,"href":"https:\/\/www.caririemacao.com\/1\/wp-json\/wp\/v2\/comments?post=280064"}],"version-history":[{"count":1,"href":"https:\/\/www.caririemacao.com\/1\/wp-json\/wp\/v2\/posts\/280064\/revisions"}],"predecessor-version":[{"id":280065,"href":"https:\/\/www.caririemacao.com\/1\/wp-json\/wp\/v2\/posts\/280064\/revisions\/280065"}],"wp:featuredmedia":[{"embeddable":true,"href":"https:\/\/www.caririemacao.com\/1\/wp-json\/wp\/v2\/media\/264411"}],"wp:attachment":[{"href":"https:\/\/www.caririemacao.com\/1\/wp-json\/wp\/v2\/media?parent=280064"}],"wp:term":[{"taxonomy":"category","embeddable":true,"href":"https:\/\/www.caririemacao.com\/1\/wp-json\/wp\/v2\/categories?post=280064"},{"taxonomy":"post_tag","embeddable":true,"href":"https:\/\/www.caririemacao.com\/1\/wp-json\/wp\/v2\/tags?post=280064"}],"curies":[{"name":"wp","href":"https:\/\/api.w.org\/{rel}","templated":true}]}}