{"id":280069,"date":"2024-01-26T17:46:28","date_gmt":"2024-01-26T20:46:28","guid":{"rendered":"https:\/\/www.caririemacao.com\/1\/?p=280069"},"modified":"2024-01-26T17:46:28","modified_gmt":"2024-01-26T20:46:28","slug":"costurando-o-futuro-renovacao-do-comodato-do-galpao-das-costureiraos-em-sume-marca-nova-etapa","status":"publish","type":"post","link":"https:\/\/www.caririemacao.com\/1\/2024\/01\/26\/costurando-o-futuro-renovacao-do-comodato-do-galpao-das-costureiraos-em-sume-marca-nova-etapa\/","title":{"rendered":"Costurando o futuro: renova\u00e7\u00e3o do comodato do Galp\u00e3o das Costureira(o)s em Sum\u00e9 marca nova etapa"},"content":{"rendered":"<p>O prefeito \u00c9den Duarte reiterou o compromisso da Gest\u00e3o Municipal com o desenvolvimento econ\u00f4mico e social da comunidade ao renovar o Comodato do Galp\u00e3o das Costureiras de Sum\u00e9.<\/p>\n<p>A cerim\u00f4nia contou com a presen\u00e7a dos secret\u00e1rios municipais de Assist\u00eancia Social, Ednalva Lib\u00e2nio (Fia) e de Educa\u00e7\u00e3o, Bonilson Tim\u00f3teo, da presidente da Cooperativa Maislla Sun\u00e1ria Franklin de Oliveira e do diretor da Master Uniformes, Jos\u00e9 Elivonaldo Farias de Oliveira (Naldo), principal parceiro da cooperativa, o presidente da C\u00e2mara de Vereadores, Daniel L\u00eala, o vereador Ant\u00f4nio Carlos Sarmento, o chefe de Gabinete da Prefeitura, Heleno J\u00fanior, al\u00e9m de diversas costureiras e costureiros.<\/p>\n<p>\u00c9den, consciente da import\u00e2ncia do espa\u00e7o para a continuidade das atividades da cooperativa, renovou o Termo de Comodato do Galp\u00e3o das Costureiras at\u00e9 agosto de 2028. Somente em 2023, tr\u00eas parcerias p\u00fablico-privadas adicionais geraram mais 32 empregos, todos ocupados por mulheres<\/p>\n<p>Atualmente, a cooperativa gera 20 empregos diretos, sendo 17 ocupados por mulheres e tr\u00eas por homens. O prefeito \u00c9den destacou a relev\u00e2ncia da cooperativa e a parceria estrat\u00e9gica com a Master Uniformes para promover o desenvolvimento econ\u00f4mico do munic\u00edpio. \u00c9den agradeceu principalmente o apoio do governador do Estado Jo\u00e3o Azev\u00eado.<\/p>\n<p>A Cooperativa dos Costureiros e das Costureiras de Sum\u00e9 foi formada no final de 2016 com a colabora\u00e7\u00e3o de diversos parceiros, al\u00e9m do apoio t\u00e9cnico, cont\u00e1bil-jur\u00eddico e financeiro da gest\u00e3o municipal.<\/p>\n","protected":false},"excerpt":{"rendered":"<p>O prefeito \u00c9den Duarte reiterou o compromisso da Gest\u00e3o Municipal com o desenvolvimento econ\u00f4mico e social da comunidade ao renovar o Comodato do Galp\u00e3o das&hellip; <\/p>\n","protected":false},"author":6,"featured_media":280070,"comment_status":"closed","ping_status":"closed","sticky":false,"template":"","format":"standard","meta":{"sfsi_plus_gutenberg_text_before_share":"","sfsi_plus_gutenberg_show_text_before_share":"","sfsi_plus_gutenberg_icon_type":"","sfsi_plus_gutenberg_icon_alignemt":"","sfsi_plus_gutenburg_max_per_row":"","footnotes":""},"categories":[50,95],"tags":[],"class_list":["post-280069","post","type-post","status-publish","format-standard","has-post-thumbnail","hentry","category-destaque","category-sume"],"_links":{"self":[{"href":"https:\/\/www.caririemacao.com\/1\/wp-json\/wp\/v2\/posts\/280069","targetHints":{"allow":["GET"]}}],"collection":[{"href":"https:\/\/www.caririemacao.com\/1\/wp-json\/wp\/v2\/posts"}],"about":[{"href":"https:\/\/www.caririemacao.com\/1\/wp-json\/wp\/v2\/types\/post"}],"author":[{"embeddable":true,"href":"https:\/\/www.caririemacao.com\/1\/wp-json\/wp\/v2\/users\/6"}],"replies":[{"embeddable":true,"href":"https:\/\/www.caririemacao.com\/1\/wp-json\/wp\/v2\/comments?post=280069"}],"version-history":[{"count":1,"href":"https:\/\/www.caririemacao.com\/1\/wp-json\/wp\/v2\/posts\/280069\/revisions"}],"predecessor-version":[{"id":280071,"href":"https:\/\/www.caririemacao.com\/1\/wp-json\/wp\/v2\/posts\/280069\/revisions\/280071"}],"wp:featuredmedia":[{"embeddable":true,"href":"https:\/\/www.caririemacao.com\/1\/wp-json\/wp\/v2\/media\/280070"}],"wp:attachment":[{"href":"https:\/\/www.caririemacao.com\/1\/wp-json\/wp\/v2\/media?parent=280069"}],"wp:term":[{"taxonomy":"category","embeddable":true,"href":"https:\/\/www.caririemacao.com\/1\/wp-json\/wp\/v2\/categories?post=280069"},{"taxonomy":"post_tag","embeddable":true,"href":"https:\/\/www.caririemacao.com\/1\/wp-json\/wp\/v2\/tags?post=280069"}],"curies":[{"name":"wp","href":"https:\/\/api.w.org\/{rel}","templated":true}]}}