{"id":280072,"date":"2024-01-27T09:30:22","date_gmt":"2024-01-27T12:30:22","guid":{"rendered":"https:\/\/www.caririemacao.com\/1\/?p=280072"},"modified":"2024-01-27T09:30:22","modified_gmt":"2024-01-27T12:30:22","slug":"ensino-medio-pe-de-meia-dara-r-2-mil-por-ano-a-alunos-de-baixa-renda","status":"publish","type":"post","link":"https:\/\/www.caririemacao.com\/1\/2024\/01\/27\/ensino-medio-pe-de-meia-dara-r-2-mil-por-ano-a-alunos-de-baixa-renda\/","title":{"rendered":"Ensino m\u00e9dio: P\u00e9-de-Meia dar\u00e1 R$ 2 mil por ano a alunos de baixa renda"},"content":{"rendered":"<div class=\"row\">\n<p class=\"col-10 offset-1 animated fadeInDown dealy-900 display-8 display-md-8 alt-font font-italic my-1 text-center\" style=\"text-align: center;\"><em><strong>Lula detalhou o programa de incentivo financeiro nesta sexta-feira<\/strong><\/em><\/p>\n<p>O presidente Luiz In\u00e1cio Lula reuniu a imprensa, na manh\u00e3 de ontem sexta-feira (26), para detalhar o Programa P\u00e9-de-Meia, que \u00e9 uma esp\u00e9cie de poupan\u00e7a que o governo federal far\u00e1 para os alunos de baixa rende que cursarem o ensino m\u00e9dio.<img decoding=\"async\" data-src=\"https:\/\/agenciabrasil.ebc.com.br\/ebc.png?id=1578016&amp;o=node\" src=\"data:image\/svg+xml;base64,PHN2ZyB3aWR0aD0iMSIgaGVpZ2h0PSIxIiB4bWxucz0iaHR0cDovL3d3dy53My5vcmcvMjAwMC9zdmciPjwvc3ZnPg==\" class=\"lazyload\" \/><img decoding=\"async\" data-src=\"https:\/\/agenciabrasil.ebc.com.br\/ebc.gif?id=1578016&amp;o=node\" src=\"data:image\/svg+xml;base64,PHN2ZyB3aWR0aD0iMSIgaGVpZ2h0PSIxIiB4bWxucz0iaHR0cDovL3d3dy53My5vcmcvMjAwMC9zdmciPjwvc3ZnPg==\" class=\"lazyload\" \/><\/p>\n<p>O decreto com os valores e requisitos para receber os valores foi assinado pelo presidente durante uma cerim\u00f4nia, no Pal\u00e1cio do Planalto.<\/p>\n<p>No ato da matr\u00edcula, no in\u00edcio do ano letivo, o estudante do ensino m\u00e9dio receber\u00e1 em sua conta poupan\u00e7a R$ 200. Al\u00e9m disso, a comprova\u00e7\u00e3o de frequ\u00eancia dar\u00e1 direito ao recebimento de R$ 1,8 mil por ano, em nove parcelas de R$ 200. Assim, o total por ano letivo ser\u00e1 de R$ 2 mil.<\/p>\n<p>Al\u00e9m dos dep\u00f3sitos de R$ 2 mil em cada um dos tr\u00eas anos do ensino m\u00e9dio, ao concluir a \u00faltima s\u00e9rie, o aluno receber\u00e1 R$ 3 mil na conta poupan\u00e7a, que equivale a R$ 1 mil por s\u00e9rie.<\/p>\n<p>Tamb\u00e9m haver\u00e1 pagamento de R$ 200 ao aluno de baixa renda da 3\u00b0 s\u00e9rie que se inscrever no Enem.<\/p>\n<p>Assim, caso o estudante cumpra todos os requisitos estabelecidos ao longo dos tr\u00eas anos do ensino m\u00e9dio e se inscreva no Enem no \u00faltimo ano, ele ter\u00e1 recebido um total de R$ 9,2 mil.<\/p>\n<div class=\"dnd-widget-wrapper context-sem_processamento type-image\">\n<div class=\"dnd-atom-rendered\">\n<div class=\"shadow overflow-hidden rounded-lg d-block w-100\"><img decoding=\"async\" class=\"flex-fill img-cover lazyload\" title=\"Arte\/Ag\u00eancia Brasil\" data-src=\"https:\/\/agenciabrasil.ebc.com.br\/sites\/default\/files\/thumbnails\/image\/pe_de_meia_ensino_medio_2.png\" alt=\"arte poupan\u00e7a ensino m\u00e9dio\" src=\"data:image\/svg+xml;base64,PHN2ZyB3aWR0aD0iMSIgaGVpZ2h0PSIxIiB4bWxucz0iaHR0cDovL3d3dy53My5vcmcvMjAwMC9zdmciPjwvc3ZnPg==\" \/><\/div>\n<\/div>\n<\/div>\n<p>&nbsp;<\/p>\n<h2>Desafio<\/h2>\n<p>Durante a assinatura do decreto de regulamenta\u00e7\u00e3o do programa, Lula disse que as pol\u00edticas, na \u00e1rea de educa\u00e7\u00e3o, tem &#8220;a responsabilidade de tirar o pa\u00eds da situa\u00e7\u00e3o em que se encontra ap\u00f3s 350 anos de escravid\u00e3o&#8221;, quando uma boa forma\u00e7\u00e3o era privil\u00e9gio de poucas pessoas: &#8220;ricos iam estudar fora, enquanto pobres aprendem a cortar cana.&#8221;<\/p>\n<p>Segundo o presidente, dois fatores s\u00e3o decisivos para que esse desafio resulte em sucesso.<\/p>\n<p>&#8220;O primeiro \u00e9 a qualidade de tratamento que daremos aos educadores, que estar\u00e3o em sala de aula. A remunera\u00e7\u00e3o tem de ser suficiente para eles cuidarem de suas fam\u00edlias. O segundo envolve a comunidade local. Precisamos convencer pais e m\u00e3es a acompanhar a situa\u00e7\u00e3o das escolas e de seus alunos&#8221;, disse.<\/p>\n<p>Al\u00e9m disso, Lula defendeu que pol\u00edticas como a de escola em tempo integral t\u00eam de ser implementadas como pol\u00edticas de Estado, e n\u00e3o de governo. Para seu sucesso, \u00e9 fundamental que haja participa\u00e7\u00e3o de educadores e tamb\u00e9m da comunidade.<\/p>\n<p>&#8220;Caso contr\u00e1rio, correr\u00e3o o risco de serem alteradas durante mudan\u00e7as de governos. O ideal \u00e9 que fa\u00e7amos pol\u00edticas que sejam compreens\u00edveis para prefeitos e governadores&#8221;, acrescentou.<\/p>\n<h2>Programa<\/h2>\n<p>A\u00a0<a href=\"https:\/\/www.in.gov.br\/en\/web\/dou\/-\/lei-n-14.818-de-16-de-janeiro-de-2024-538053523\" target=\"_blank\" rel=\"noopener\">Lei 14.818\/2024<\/a>, que criou o programa de incentivo financeiro-educacional ao estudante do ensino m\u00e9dio chamado P\u00e9-de-Meia, foi publicada no \u00faltimo dia 17. O programa \u00e9 uma bolsa-poupan\u00e7a para incentivar estudantes de baixa renda a concluir o ensino m\u00e9dio.<\/p>\n<p>Os recursos ser\u00e3o depositados em conta em nome do estudante benefici\u00e1rio, de natureza pessoal e intransfer\u00edvel, que poder\u00e1 ser do tipo poupan\u00e7a social digital. E os valores n\u00e3o entrar\u00e3o no c\u00e1lculo para declara\u00e7\u00e3o de renda familiar e recebimento de outros benef\u00edcios, como Bolsa Fam\u00edlia, por exemplo.<\/p>\n<p>FONTE: Ag\u00eancia Brasil<\/p>\n<\/div>\n","protected":false},"excerpt":{"rendered":"<p>Lula detalhou o programa de incentivo financeiro nesta sexta-feira O presidente Luiz In\u00e1cio Lula reuniu a imprensa, na manh\u00e3 de ontem sexta-feira (26), para detalhar&hellip; <\/p>\n","protected":false},"author":6,"featured_media":280074,"comment_status":"closed","ping_status":"closed","sticky":false,"template":"","format":"standard","meta":{"sfsi_plus_gutenberg_text_before_share":"","sfsi_plus_gutenberg_show_text_before_share":"","sfsi_plus_gutenberg_icon_type":"","sfsi_plus_gutenberg_icon_alignemt":"","sfsi_plus_gutenburg_max_per_row":"","footnotes":""},"categories":[50],"tags":[],"class_list":["post-280072","post","type-post","status-publish","format-standard","has-post-thumbnail","hentry","category-destaque"],"_links":{"self":[{"href":"https:\/\/www.caririemacao.com\/1\/wp-json\/wp\/v2\/posts\/280072","targetHints":{"allow":["GET"]}}],"collection":[{"href":"https:\/\/www.caririemacao.com\/1\/wp-json\/wp\/v2\/posts"}],"about":[{"href":"https:\/\/www.caririemacao.com\/1\/wp-json\/wp\/v2\/types\/post"}],"author":[{"embeddable":true,"href":"https:\/\/www.caririemacao.com\/1\/wp-json\/wp\/v2\/users\/6"}],"replies":[{"embeddable":true,"href":"https:\/\/www.caririemacao.com\/1\/wp-json\/wp\/v2\/comments?post=280072"}],"version-history":[{"count":1,"href":"https:\/\/www.caririemacao.com\/1\/wp-json\/wp\/v2\/posts\/280072\/revisions"}],"predecessor-version":[{"id":280075,"href":"https:\/\/www.caririemacao.com\/1\/wp-json\/wp\/v2\/posts\/280072\/revisions\/280075"}],"wp:featuredmedia":[{"embeddable":true,"href":"https:\/\/www.caririemacao.com\/1\/wp-json\/wp\/v2\/media\/280074"}],"wp:attachment":[{"href":"https:\/\/www.caririemacao.com\/1\/wp-json\/wp\/v2\/media?parent=280072"}],"wp:term":[{"taxonomy":"category","embeddable":true,"href":"https:\/\/www.caririemacao.com\/1\/wp-json\/wp\/v2\/categories?post=280072"},{"taxonomy":"post_tag","embeddable":true,"href":"https:\/\/www.caririemacao.com\/1\/wp-json\/wp\/v2\/tags?post=280072"}],"curies":[{"name":"wp","href":"https:\/\/api.w.org\/{rel}","templated":true}]}}