{"id":280098,"date":"2024-01-28T19:31:56","date_gmt":"2024-01-28T22:31:56","guid":{"rendered":"https:\/\/www.caririemacao.com\/1\/?p=280098"},"modified":"2024-01-28T19:31:56","modified_gmt":"2024-01-28T22:31:56","slug":"video-pre-candidato-a-prefeito-de-sao-joao-do-cariri-prestigia-vaquejada-em-sume-e-fala-sobre-eleicoes","status":"publish","type":"post","link":"https:\/\/www.caririemacao.com\/1\/2024\/01\/28\/video-pre-candidato-a-prefeito-de-sao-joao-do-cariri-prestigia-vaquejada-em-sume-e-fala-sobre-eleicoes\/","title":{"rendered":"V\u00eddeo: Pr\u00e9-candidato a prefeito de S\u00e3o Jo\u00e3o do Cariri prestigia vaquejada em Sum\u00e9 e fala sobre elei\u00e7\u00f5es"},"content":{"rendered":"<p>Na noite deste s\u00e1bado (27), o empres\u00e1rio Shigeake Maracaj\u00e1, pr\u00e9-candidato \u00e0 Prefeitura de S\u00e3o Jo\u00e3o do Cariri, marcou presen\u00e7a na vaquejada do Parque Vila Country, em Sum\u00e9. Durante o evento, ele concedeu uma entrevista ao Cariri em A\u00e7\u00e3o, abordando n\u00e3o apenas suas atividades empresariais, mas tamb\u00e9m seu posicionamento pol\u00edtico e seus planos para o munic\u00edpio.<\/p>\n<p>Shigeake Maracaj\u00e1, conhecido como CEO do grupo Alerta Seguran\u00e7a, com atua\u00e7\u00e3o em mais de seis estados brasileiros, destacou a experi\u00eancia adquirida no ramo empresarial e como isso pode contribuir para o desenvolvimento de S\u00e3o Jo\u00e3o do Cariri.<\/p>\n<p>Ao jornalista Marivaldo Alc\u00e2ntara, o pr\u00e9-candidato ressaltou que sua participa\u00e7\u00e3o como vice-prefeito na chapa de situa\u00e7\u00e3o est\u00e1 descartada. Ele expressou sua determina\u00e7\u00e3o em seguir com sua pr\u00e9-candidatura, enfatizando que est\u00e1 em di\u00e1logo com lideran\u00e7as de oposi\u00e7\u00e3o, apresentando propostas e construindo um projeto para o munic\u00edpio.<\/p>\n<p>&#8220;Isso est\u00e1 descartado, n\u00e3o irei compor a vaga de vice na chapa de situa\u00e7\u00e3o. Temos um projeto para S\u00e3o Jo\u00e3o do Cariri, estamos dialogando com as lideran\u00e7as de oposi\u00e7\u00e3o, apresentando nossas ideias, e a partir da\u00ed construir um projeto que vise o desenvolvimento de nossa cidade,&#8221; afirmou o empres\u00e1rio.<\/p>\n<p><div class=\"ose-youtube ose-uid-be9f4eb7dbf45c4bd19046cc46b461d4 ose-embedpress-responsive\" style=\"width:600px; height:550px; max-height:550px; max-width:100%; display:inline-block;\" data-embed-type=\"Youtube\"><iframe allowFullScreen=\"true\" title=\"Shigeaki Maracaj\u00e1, pr\u00e9-candidato a prefeito de S\u00e3o Jo\u00e3o do Cariri\/PB\" width=\"600\" height=\"550\" data-src=\"https:\/\/www.youtube.com\/embed\/4D6Ea3J_Q-U?feature=oembed&color=red&rel=0&controls=1&start=&end=&fs=0&iv_load_policy=0&autoplay=0&mute=0&modestbranding=0&cc_load_policy=1&playsinline=1\" frameborder=\"0\" allow=\"accelerometer; encrypted-media;accelerometer;autoplay;clipboard-write;gyroscope;picture-in-picture clipboard-write; encrypted-media; gyroscope; picture-in-picture; web-share\" referrerpolicy=\"strict-origin-when-cross-origin\" allowfullscreen src=\"data:image\/svg+xml;base64,PHN2ZyB3aWR0aD0iMSIgaGVpZ2h0PSIxIiB4bWxucz0iaHR0cDovL3d3dy53My5vcmcvMjAwMC9zdmciPjwvc3ZnPg==\" class=\"lazyload\" data-load-mode=\"1\"><\/iframe><\/div><\/p>\n<p>&nbsp;<\/p>\n<p><strong>CARIRI EM A\u00c7\u00c3O<\/strong><\/p>\n","protected":false},"excerpt":{"rendered":"<p>Na noite deste s\u00e1bado (27), o empres\u00e1rio Shigeake Maracaj\u00e1, pr\u00e9-candidato \u00e0 Prefeitura de S\u00e3o Jo\u00e3o do Cariri, marcou presen\u00e7a na vaquejada do Parque Vila Country,&hellip; <\/p>\n","protected":false},"author":6,"featured_media":280125,"comment_status":"closed","ping_status":"closed","sticky":false,"template":"","format":"standard","meta":{"sfsi_plus_gutenberg_text_before_share":"","sfsi_plus_gutenberg_show_text_before_share":"","sfsi_plus_gutenberg_icon_type":"","sfsi_plus_gutenberg_icon_alignemt":"","sfsi_plus_gutenburg_max_per_row":"","footnotes":""},"categories":[50,1,88],"tags":[],"class_list":["post-280098","post","type-post","status-publish","format-standard","has-post-thumbnail","hentry","category-destaque","category-o-site","category-sao-joao-do-cariri"],"_links":{"self":[{"href":"https:\/\/www.caririemacao.com\/1\/wp-json\/wp\/v2\/posts\/280098","targetHints":{"allow":["GET"]}}],"collection":[{"href":"https:\/\/www.caririemacao.com\/1\/wp-json\/wp\/v2\/posts"}],"about":[{"href":"https:\/\/www.caririemacao.com\/1\/wp-json\/wp\/v2\/types\/post"}],"author":[{"embeddable":true,"href":"https:\/\/www.caririemacao.com\/1\/wp-json\/wp\/v2\/users\/6"}],"replies":[{"embeddable":true,"href":"https:\/\/www.caririemacao.com\/1\/wp-json\/wp\/v2\/comments?post=280098"}],"version-history":[{"count":4,"href":"https:\/\/www.caririemacao.com\/1\/wp-json\/wp\/v2\/posts\/280098\/revisions"}],"predecessor-version":[{"id":280126,"href":"https:\/\/www.caririemacao.com\/1\/wp-json\/wp\/v2\/posts\/280098\/revisions\/280126"}],"wp:featuredmedia":[{"embeddable":true,"href":"https:\/\/www.caririemacao.com\/1\/wp-json\/wp\/v2\/media\/280125"}],"wp:attachment":[{"href":"https:\/\/www.caririemacao.com\/1\/wp-json\/wp\/v2\/media?parent=280098"}],"wp:term":[{"taxonomy":"category","embeddable":true,"href":"https:\/\/www.caririemacao.com\/1\/wp-json\/wp\/v2\/categories?post=280098"},{"taxonomy":"post_tag","embeddable":true,"href":"https:\/\/www.caririemacao.com\/1\/wp-json\/wp\/v2\/tags?post=280098"}],"curies":[{"name":"wp","href":"https:\/\/api.w.org\/{rel}","templated":true}]}}