{"id":280127,"date":"2024-01-28T21:32:54","date_gmt":"2024-01-29T00:32:54","guid":{"rendered":"https:\/\/www.caririemacao.com\/1\/?p=280127"},"modified":"2024-01-28T21:51:50","modified_gmt":"2024-01-29T00:51:50","slug":"padre-isaias-celebra-restauracao-dos-sinos-na-paroquia-nossa-senhora-das-dores-em-monteiro","status":"publish","type":"post","link":"https:\/\/www.caririemacao.com\/1\/2024\/01\/28\/padre-isaias-celebra-restauracao-dos-sinos-na-paroquia-nossa-senhora-das-dores-em-monteiro\/","title":{"rendered":"Padre Isa\u00edas celebra restaura\u00e7\u00e3o dos sinos na Par\u00f3quia Nossa Senhora das Dores em Monteiro"},"content":{"rendered":"<div class=\"flex-1 overflow-hidden\">\n<div class=\"react-scroll-to-bottom--css-xqzro-79elbk h-full\">\n<div class=\"react-scroll-to-bottom--css-xqzro-1n7m0yu\">\n<div class=\"flex flex-col pb-9 text-sm\">\n<div class=\"w-full text-token-text-primary\" data-testid=\"conversation-turn-1419\">\n<div class=\"px-4 py-2 justify-center text-base md:gap-6 m-auto\">\n<div class=\"flex flex-1 text-base mx-auto gap-3 md:px-5 lg:px-1 xl:px-5 md:max-w-3xl lg:max-w-[40rem] xl:max-w-[48rem] group final-completion\">\n<div class=\"relative flex w-full flex-col lg:w-[calc(100%-115px)] agent-turn\">\n<div class=\"flex-col gap-1 md:gap-3\">\n<div class=\"flex flex-grow flex-col max-w-full\">\n<div class=\"min-h-[20px] text-message flex flex-col items-start gap-3 whitespace-pre-wrap break-words [.text-message+&amp;]:mt-5 overflow-x-auto\" data-message-author-role=\"assistant\" data-message-id=\"4f656098-76b5-45d3-8600-04737a8b40f4\">\n<div class=\"markdown prose w-full break-words dark:prose-invert light\">\n<p>Neste domingo (28), o Padre Isa\u00edas, da Par\u00f3quia Nossa Senhora das Dores, em Monteiro, no Cariri paraibano, anunciou com alegria a recoloca\u00e7\u00e3o e ben\u00e7\u00e3o dos sinos da par\u00f3quia. Essa iniciativa representa um resgate importante, pois um dos sinos encontrados foi desativado e o outro ficou danificado.<\/p>\n<p>A restaura\u00e7\u00e3o e automatiza\u00e7\u00e3o dos sinos foi poss\u00edvel atrav\u00e9s do trabalho de uma empresa de S\u00e3o Paulo, que realizou uma requalifica\u00e7\u00e3o para que eles pudessem novamente desempenhar seu papel na par\u00f3quia. A ben\u00e7\u00e3o dos sinos ocorreu durante a missa da noite deste domingo.<\/p>\n<p>Em entrevista ao jornalista Marivaldo Alc\u00e2ntara, o padre enfatizou a import\u00e2ncia dos sinos na tradi\u00e7\u00e3o cat\u00f3lica, considerando-os como a voz de Deus que chama a fidelidade para as atividades e celebra\u00e7\u00f5es da igreja. Em suas palavras, ele destacou a alegria e a gra\u00e7a deste momento de ben\u00e7\u00e3o e restaura\u00e7\u00e3o.<\/p>\n<p>&#8220;Os sinos s\u00e3o a voz de Deus quando tocam, chamando-nos para as coisas mais importantes da igreja. \u00c9 uma gra\u00e7a e uma alegria este momento de ben\u00e7\u00e3o, de restaura\u00e7\u00e3o dos sinos ap\u00f3s estarem danificados. A partir de agora, Monteiro poder\u00e1 escutar a voz de Deus atrav\u00e9s dos sinos&#8221;, afirmou o p\u00e1roco.<\/p>\n<\/div>\n<\/div>\n<\/div>\n<div class=\"mt-1 flex justify-start gap-3 empty:hidden\">\n<div class=\"text-gray-400 flex self-end lg:self-center justify-center lg:justify-start mt-0 -ml-1 visible\">\n<div class=\"flex items-center gap-1.5 text-xs\"><\/div>\n<\/div>\n<\/div>\n<\/div>\n<div><\/div>\n<div class=\"flex w-full gap-2 items-center justify-center\"><strong>CARIRI EM A\u00c7\u00c3O<\/strong><\/div>\n<\/div>\n<\/div>\n<\/div>\n<\/div>\n<\/div>\n<\/div>\n<\/div>\n<\/div>\n<div class=\"w-full pt-2 md:pt-0 dark:border-white\/20 md:border-transparent md:dark:border-transparent md:w-[calc(100%-.5rem)]\">\n<form class=\"stretch mx-2 flex flex-row gap-3 last:mb-2 md:mx-4 md:last:mb-6 lg:mx-auto lg:max-w-2xl xl:max-w-3xl\">\n<div class=\"relative flex h-full flex-1 items-stretch md:flex-col\">\n<div class=\"flex w-full items-center\"><\/div>\n<\/div>\n<\/form>\n<\/div>\n","protected":false},"excerpt":{"rendered":"<p>Neste domingo (28), o Padre Isa\u00edas, da Par\u00f3quia Nossa Senhora das Dores, em Monteiro, no Cariri paraibano, anunciou com alegria a recoloca\u00e7\u00e3o e ben\u00e7\u00e3o dos&hellip; <\/p>\n","protected":false},"author":6,"featured_media":280129,"comment_status":"closed","ping_status":"closed","sticky":false,"template":"","format":"standard","meta":{"sfsi_plus_gutenberg_text_before_share":"","sfsi_plus_gutenberg_show_text_before_share":"","sfsi_plus_gutenberg_icon_type":"","sfsi_plus_gutenberg_icon_alignemt":"","sfsi_plus_gutenburg_max_per_row":"","footnotes":""},"categories":[50,81],"tags":[],"class_list":["post-280127","post","type-post","status-publish","format-standard","has-post-thumbnail","hentry","category-destaque","category-monteiro"],"_links":{"self":[{"href":"https:\/\/www.caririemacao.com\/1\/wp-json\/wp\/v2\/posts\/280127","targetHints":{"allow":["GET"]}}],"collection":[{"href":"https:\/\/www.caririemacao.com\/1\/wp-json\/wp\/v2\/posts"}],"about":[{"href":"https:\/\/www.caririemacao.com\/1\/wp-json\/wp\/v2\/types\/post"}],"author":[{"embeddable":true,"href":"https:\/\/www.caririemacao.com\/1\/wp-json\/wp\/v2\/users\/6"}],"replies":[{"embeddable":true,"href":"https:\/\/www.caririemacao.com\/1\/wp-json\/wp\/v2\/comments?post=280127"}],"version-history":[{"count":3,"href":"https:\/\/www.caririemacao.com\/1\/wp-json\/wp\/v2\/posts\/280127\/revisions"}],"predecessor-version":[{"id":280132,"href":"https:\/\/www.caririemacao.com\/1\/wp-json\/wp\/v2\/posts\/280127\/revisions\/280132"}],"wp:featuredmedia":[{"embeddable":true,"href":"https:\/\/www.caririemacao.com\/1\/wp-json\/wp\/v2\/media\/280129"}],"wp:attachment":[{"href":"https:\/\/www.caririemacao.com\/1\/wp-json\/wp\/v2\/media?parent=280127"}],"wp:term":[{"taxonomy":"category","embeddable":true,"href":"https:\/\/www.caririemacao.com\/1\/wp-json\/wp\/v2\/categories?post=280127"},{"taxonomy":"post_tag","embeddable":true,"href":"https:\/\/www.caririemacao.com\/1\/wp-json\/wp\/v2\/tags?post=280127"}],"curies":[{"name":"wp","href":"https:\/\/api.w.org\/{rel}","templated":true}]}}