{"id":280312,"date":"2024-02-01T08:06:21","date_gmt":"2024-02-01T11:06:21","guid":{"rendered":"https:\/\/www.caririemacao.com\/1\/?p=280312"},"modified":"2024-02-01T08:06:21","modified_gmt":"2024-02-01T11:06:21","slug":"prefeitura-da-prata-inaugura-praca-auta-alves-de-almeida-na-rua-manoel-ramos","status":"publish","type":"post","link":"https:\/\/www.caririemacao.com\/1\/2024\/02\/01\/prefeitura-da-prata-inaugura-praca-auta-alves-de-almeida-na-rua-manoel-ramos\/","title":{"rendered":"Prefeitura da Prata inaugura pra\u00e7a Auta Alves de Almeida na rua Manoel Ramos"},"content":{"rendered":"<div>\n<div class=\"x9f619 xjbqb8w x78zum5 x168nmei x13lgxp2 x5pf9jr xo71vjh xsag5q8 xz9dl7a x1uhb9sk x1plvlek xryxfnj x1c4vz4f x2lah0s x1q0g3np xqjyukv x1qjc9v5 x1oa3qoh x1nhvcw1\">\n<div class=\"x9f619 xjbqb8w x78zum5 x168nmei x13lgxp2 x5pf9jr xo71vjh x1uhb9sk x1plvlek xryxfnj x1iyjqo2 x2lwn1j xeuugli x1q0g3np xqjyukv x1qjc9v5 x1oa3qoh x1nhvcw1\">\n<div class=\"x9f619 xjbqb8w x78zum5 x168nmei x13lgxp2 x5pf9jr xo71vjh x1uhb9sk x1plvlek xryxfnj x1iyjqo2 x2lwn1j xeuugli xdt5ytf xqjyukv x1qjc9v5 x1oa3qoh x1nhvcw1\">\n<div class=\"x9f619 xjbqb8w x78zum5 x168nmei x13lgxp2 x5pf9jr xo71vjh x1uhb9sk x1plvlek xryxfnj x1c4vz4f x2lah0s xdt5ytf xqjyukv x1qjc9v5 x1oa3qoh x1nhvcw1\">\n<p><span class=\"x193iq5w xeuugli x1fj9vlw x13faqbe x1vvkbs xt0psk2 x1i0vuye xvs91rp xo1l8bm x5n08af x10wh9bi x1wdrske x8viiok x18hxmgj\">Na noite desta quarta-feira foi realizado um culto de homenagem pela inaugura\u00e7\u00e3o da Pra\u00e7a que fica na Rua Manoel Ramos e que foi dada o nome da saudosa Dona Auta Alves de Almeida , que hoje n\u00e3o est\u00e1 nesse plano terrestre , mais deixou um grande legado para toda a popula\u00e7\u00e3o pratense. O Pastor Francisco Ribeiro da Igreja Assembleia de Deus realizou o culto.<\/span><\/p>\n<p>O evento contou com a presen\u00e7a das autoridades eclesi\u00e1sticas, o pastor Wagner da Igreja Congregacional, a pastora Janean Salvador da Igreja Nacional, tamb\u00e9m esteve presente a secret\u00e1ria de sa\u00fade Isadora Ara\u00fajo, o prefeito Genivaldo Temb\u00f3rio, o ex-prefeito J\u00fanior N\u00f3brega e o presidente da C\u00e2mara Municipal, Wagner Barros , a vereadora Ver\u00f4nica Nunes e o vereador Bosco Nery que fez a propositura do projeto denominando o nome da Pra\u00e7a. Toda fam\u00edlia da saudosa homenageada esteve presente , um momento muito emocionante para a fam\u00edlia .<\/p>\n<p>\u201cQuer\u00edamos ver essa homenagem sendo dada para ela em vida, mas infelizmente, n\u00e3o deu. Entretanto, sabemos que ela est\u00e1 l\u00e1 do c\u00e9u olhando por n\u00f3s. Agrade\u00e7o imensamente a Prefeitura por esse gesto t\u00e3o lindo\u201d, completou o neto da homenageada, Guilherme Prata.<\/p>\n<\/div>\n<\/div>\n<\/div>\n<\/div>\n<\/div>\n<div>\n<p>&nbsp;<\/p>\n<p><strong>O Neto Guilherme Prata leu um pouco da biografia , veja:<\/strong><\/p>\n<p><em>Boa Noite, saldo a toda popula\u00e7\u00e3o em nome do Prefeito Genivaldo Fernandes, noite hoje que celebramos a t\u00e3o esperada Pra\u00e7a Alta Alves de Almeida, foi me solicitado a miss\u00e3o de falar um pouco de sua Biografia, apesar de saber o quanto cada pratense e amigo e conhecedor da hist\u00f3ria desta mulher, relembro novamente sua trajet\u00f3ria aqui na terra.<\/em><\/p>\n<p><em>Mulher caririzeira, nordestina, paraibana desde de cedo n\u00e3o poupava sua m\u00e3o de obra dentro da agricultura auxiliando seus pais e irm\u00e3os, era preciso lutar para ter o alimento na mesa em tempos t\u00e3o dif\u00edceis, na juventude casou-se com In\u00e1cio Alves da Silva constituindo uma fam\u00edlia numerosa de quatorze filhos e 21 barrigas, logo muito cedo no auge dos seus quarenta anos ficou vi\u00fava, se viu de frente do enorme desafio de concluir a cria\u00e7\u00e3o de tantas crian\u00e7as ainda \u00f3rf\u00e3os de pai. Mais jamais podemos dizer que existiu o tempo em que mulher fosse o sexo fr\u00e1gil, Dona Alta n\u00e3o precisou de outro homem em sua vida para concluir o seu servi\u00e7o de P\u00c3E, pai e m\u00e3e ensinou na base do respeito e da honestidade todos para serem, seres humanos dignos e de respeito, enquanto crist\u00e3 deixou seu testemunho de f\u00e9 em Deus e confian\u00e7a que sua passagem na terra era uma miss\u00e3o, e que ela como serva iria cumprir, sim essa miss\u00e3o, nunca pregou a divis\u00e3o, n\u00e3o existia religi\u00e3o, existia Deus em sua vida, palavras da pr\u00f3pria, mulher a frente do seu tempo solicitou do Ex: Prefeito J\u00fanior N\u00f3brega que esse canteiro muitas vezes de encosto para lixo ganhasse bancos e se transforma-se em uma pra\u00e7a, e teve seu pedido prontamente atendido, e logo ap\u00f3s concluido na Gest\u00e3o do Prefeito Genivaldo Fernandes, e por iniciativa do vereador Bosco Neri, levasse o seu nome, tr\u00eas gestores esses que tem o nosso total respeito e agradecimento de toda fam\u00edlia, Alta deixou um grande legado aos 93 anos, e n\u00e3o h\u00e1 outra palavra do que gratid\u00e3o de sermos frutos deste legado.<\/em><\/p>\n<p><em>Em nome da fam\u00edlia agradecemos a todos presentes nesta noite, comunidade e amigos, e nosso reconhecimento a toda equipe da Prefeitura municipal de Prata, A equipe de Janna, a equipe de Diva de Oliveira, a todos lideres religiosos aqui presentes, e a todos gestores nosso muito obrigado.<\/em><\/p>\n<\/div>\n<div><\/div>\n<div><strong>CARIRI EM A\u00c7\u00c3O<\/strong><\/div>\n<div class=\"x78zum5 xdt5ytf x1iyjqo2\">\n<div class=\"x9f619 xjbqb8w x78zum5 x168nmei x13lgxp2 x5pf9jr xo71vjh x1uhb9sk x1plvlek xryxfnj x1c4vz4f x2lah0s xdt5ytf xqjyukv x1qjc9v5 x1oa3qoh x1nhvcw1\">\n<div>\n<div class=\"x9f619 xjbqb8w x78zum5 x168nmei x13lgxp2 x5pf9jr xo71vjh xsag5q8 xz9dl7a x1uhb9sk x1plvlek xryxfnj x1c4vz4f x2lah0s x1q0g3np xqjyukv x1qjc9v5 x1oa3qoh x1nhvcw1\">\n<div class=\"x1emribx\">\n<div class=\"\">\n<div class=\"\">\n<div><\/div>\n<\/div>\n<\/div>\n<\/div>\n<\/div>\n<\/div>\n<\/div>\n<\/div>\n","protected":false},"excerpt":{"rendered":"<p>Na noite desta quarta-feira foi realizado um culto de homenagem pela inaugura\u00e7\u00e3o da Pra\u00e7a que fica na Rua Manoel Ramos e que foi dada o nome da saudosa Dona Auta Alves de Almeida , que hoje n\u00e3o est\u00e1 nesse plano terrestre , mais deixou um grande legado para toda a popula\u00e7\u00e3o pratense. O Pastor Francisco Ribeiro da Igreja Assembleia de Deus realizou o culto. O evento contou com a presen\u00e7a das autoridades eclesi\u00e1sticas, o pastor Wagner da Igreja Congregacional, a pastora Janean Salvador da Igreja Nacional, tamb\u00e9m esteve presente a secret\u00e1ria de sa\u00fade Isadora Ara\u00fajo, o prefeito Genivaldo Temb\u00f3rio, o ex-prefeito J\u00fanior N\u00f3brega e o presidente da C\u00e2mara Municipal, Wagner Barros , a vereadora Ver\u00f4nica Nunes e o vereador Bosco Nery que fez a propositura do projeto denominando o nome da Pra\u00e7a. Toda fam\u00edlia da saudosa homenageada esteve presente , um momento muito emocionante para a fam\u00edlia . \u201cQuer\u00edamos ver essa homenagem sendo dada para ela em vida, mas infelizmente, n\u00e3o deu. Entretanto, sabemos que ela est\u00e1 l\u00e1 do c\u00e9u olhando por n\u00f3s. Agrade\u00e7o imensamente a Prefeitura por esse gesto t\u00e3o lindo\u201d, completou o neto da homenageada, Guilherme Prata. &nbsp; O Neto Guilherme Prata leu um pouco da biografia , veja: Boa Noite, saldo a toda popula\u00e7\u00e3o em nome do Prefeito Genivaldo Fernandes, noite hoje que celebramos a t\u00e3o esperada Pra\u00e7a Alta Alves de Almeida, foi me solicitado a miss\u00e3o de falar um pouco de sua Biografia, apesar de saber o quanto cada pratense e amigo e conhecedor da hist\u00f3ria desta mulher, relembro novamente sua trajet\u00f3ria aqui na terra. Mulher caririzeira, nordestina, paraibana desde de cedo n\u00e3o poupava sua m\u00e3o de obra dentro da agricultura auxiliando seus pais e irm\u00e3os, era preciso lutar para ter o alimento na mesa em tempos t\u00e3o dif\u00edceis, na juventude casou-se com In\u00e1cio Alves da Silva constituindo uma fam\u00edlia numerosa de quatorze filhos e 21 barrigas, logo muito cedo no auge dos seus quarenta anos ficou vi\u00fava, se viu de frente do enorme desafio de concluir a cria\u00e7\u00e3o de tantas crian\u00e7as ainda \u00f3rf\u00e3os de pai. Mais jamais podemos dizer que existiu o tempo em que mulher fosse o sexo fr\u00e1gil, Dona Alta n\u00e3o precisou de outro homem em sua vida para concluir o seu servi\u00e7o de P\u00c3E, pai e m\u00e3e ensinou na base do respeito e da honestidade todos para serem, seres humanos dignos e de respeito, enquanto crist\u00e3 deixou seu testemunho de f\u00e9 em Deus e confian\u00e7a que sua passagem na terra era uma miss\u00e3o, e que ela como serva iria cumprir, sim essa miss\u00e3o, nunca pregou a divis\u00e3o, n\u00e3o existia religi\u00e3o, existia Deus em sua vida, palavras da pr\u00f3pria, mulher a frente do seu tempo solicitou do Ex: Prefeito J\u00fanior N\u00f3brega que esse canteiro muitas vezes de encosto para lixo ganhasse bancos e se transforma-se em uma pra\u00e7a, e teve seu pedido prontamente atendido, e logo ap\u00f3s concluido na Gest\u00e3o do Prefeito Genivaldo Fernandes, e por iniciativa do vereador Bosco Neri, levasse o seu nome, tr\u00eas gestores esses que tem o nosso total respeito e agradecimento de toda fam\u00edlia, Alta deixou um grande legado aos 93 anos, e n\u00e3o h\u00e1 outra palavra do que gratid\u00e3o de sermos frutos deste legado. Em nome da fam\u00edlia agradecemos a todos presentes nesta noite, comunidade e amigos, e nosso reconhecimento a toda equipe da Prefeitura municipal de Prata, A equipe de Janna, a equipe de Diva de Oliveira, a todos lideres religiosos aqui presentes, e a todos gestores nosso muito obrigado. CARIRI EM A\u00c7\u00c3O<\/p>\n","protected":false},"author":6,"featured_media":280313,"comment_status":"closed","ping_status":"closed","sticky":false,"template":"","format":"standard","meta":{"sfsi_plus_gutenberg_text_before_share":"","sfsi_plus_gutenberg_show_text_before_share":"","sfsi_plus_gutenberg_icon_type":"","sfsi_plus_gutenberg_icon_alignemt":"","sfsi_plus_gutenburg_max_per_row":"","footnotes":""},"categories":[50,85],"tags":[],"class_list":["post-280312","post","type-post","status-publish","format-standard","has-post-thumbnail","hentry","category-destaque","category-prata"],"_links":{"self":[{"href":"https:\/\/www.caririemacao.com\/1\/wp-json\/wp\/v2\/posts\/280312","targetHints":{"allow":["GET"]}}],"collection":[{"href":"https:\/\/www.caririemacao.com\/1\/wp-json\/wp\/v2\/posts"}],"about":[{"href":"https:\/\/www.caririemacao.com\/1\/wp-json\/wp\/v2\/types\/post"}],"author":[{"embeddable":true,"href":"https:\/\/www.caririemacao.com\/1\/wp-json\/wp\/v2\/users\/6"}],"replies":[{"embeddable":true,"href":"https:\/\/www.caririemacao.com\/1\/wp-json\/wp\/v2\/comments?post=280312"}],"version-history":[{"count":2,"href":"https:\/\/www.caririemacao.com\/1\/wp-json\/wp\/v2\/posts\/280312\/revisions"}],"predecessor-version":[{"id":280315,"href":"https:\/\/www.caririemacao.com\/1\/wp-json\/wp\/v2\/posts\/280312\/revisions\/280315"}],"wp:featuredmedia":[{"embeddable":true,"href":"https:\/\/www.caririemacao.com\/1\/wp-json\/wp\/v2\/media\/280313"}],"wp:attachment":[{"href":"https:\/\/www.caririemacao.com\/1\/wp-json\/wp\/v2\/media?parent=280312"}],"wp:term":[{"taxonomy":"category","embeddable":true,"href":"https:\/\/www.caririemacao.com\/1\/wp-json\/wp\/v2\/categories?post=280312"},{"taxonomy":"post_tag","embeddable":true,"href":"https:\/\/www.caririemacao.com\/1\/wp-json\/wp\/v2\/tags?post=280312"}],"curies":[{"name":"wp","href":"https:\/\/api.w.org\/{rel}","templated":true}]}}