{"id":280453,"date":"2024-02-05T08:49:23","date_gmt":"2024-02-05T11:49:23","guid":{"rendered":"https:\/\/www.caririemacao.com\/1\/?p=280453"},"modified":"2024-02-05T08:49:23","modified_gmt":"2024-02-05T11:49:23","slug":"menores-dormem-em-catacumba-dentro-do-cemiterio-publico-de-monteiro-e-tia-clama-por-ajuda","status":"publish","type":"post","link":"https:\/\/www.caririemacao.com\/1\/2024\/02\/05\/menores-dormem-em-catacumba-dentro-do-cemiterio-publico-de-monteiro-e-tia-clama-por-ajuda\/","title":{"rendered":"Menores dormem em catacumba dentro do cemit\u00e9rio p\u00fablico de Monteiro e tia clama por ajuda"},"content":{"rendered":"<p>Um triste relato foi divulgado pelo Secret\u00e1rio do Povo, Edvaldo Reis. O jornalista conversou com a tia dos jovens que est\u00e3o dormindo dentro de uma catacumba, no cemit\u00e9rio p\u00fablico de Monteiro.<\/p>\n<p>A situa\u00e7\u00e3o dos jovens tem chamado a aten\u00e7\u00e3o das autoridades e o caso j\u00e1 est\u00e1 no Minist\u00e9rio P\u00fablico.<\/p>\n<p>A tia identificada por Maria do Socorro, conhecida popularmente por Nan\u00e3, afirmou que os meninos n\u00e3o est\u00e3o vivendo, est\u00e3o vegetando.<\/p>\n<p>\u201cEles n\u00e3o tem vida, est\u00e3o vegetando, porque n\u00e3o tem onde morar, mora na rua, dorme na rua, vive pedindo nas portas, a um e a outro,\u201d disse.<\/p>\n<p>Nan\u00e3, afirmou que a m\u00e3e dos jovens morreu em um acidente, e o pai n\u00e3o ajuda os filho.<\/p>\n<p>A tia, revelou que s\u00e3o tr\u00eas jovens, um de 12 anos de idade, que foi adotado e tem onde morar, e ainda, outros dois jovens, sendo um de 15 anos de idade, e outro de 14 anos de idade.<\/p>\n<p>\u201cOs jovens de 15 e 14 anos de idade, est\u00e3o abandonados e jogados na rua, n\u00e3o tem aonde morar, vivem apanhando de um e outro, e o mais grave s\u00e3o usu\u00e1rios desde dos 12 anos,\u201d disse.<\/p>\n<p>Entristecida, com a situa\u00e7\u00e3o dos sobrinhos, ela revelou que n\u00e3o pode fazer nada por eles.<\/p>\n<p>\u201cEu fico muito triste, tento ajudar e n\u00e3o consigo, as vezes me procuram, dou comida, mas, n\u00e3o tenho condi\u00e7\u00f5es financeiras. O caso t\u00e1 na justi\u00e7a, participei de uma audi\u00eancia, e a promotora mandou ter paci\u00eancia, e nesses 30 dias arrumaria um canto para eles, mas \u00e9 dif\u00edcil,\u201d disse.<\/p>\n<p>&nbsp;<\/p>\n<p><strong>CARIRI EM A\u00c7\u00c3O<\/strong><\/p>\n<p><em>Para\u00edba da Gente<\/em><\/p>\n","protected":false},"excerpt":{"rendered":"<p>Um triste relato foi divulgado pelo Secret\u00e1rio do Povo, Edvaldo Reis. O jornalista conversou com a tia dos jovens que est\u00e3o dormindo dentro de uma&hellip; <\/p>\n","protected":false},"author":6,"featured_media":280458,"comment_status":"closed","ping_status":"closed","sticky":false,"template":"","format":"standard","meta":{"sfsi_plus_gutenberg_text_before_share":"","sfsi_plus_gutenberg_show_text_before_share":"","sfsi_plus_gutenberg_icon_type":"","sfsi_plus_gutenberg_icon_alignemt":"","sfsi_plus_gutenburg_max_per_row":"","footnotes":""},"categories":[50,81],"tags":[],"class_list":["post-280453","post","type-post","status-publish","format-standard","has-post-thumbnail","hentry","category-destaque","category-monteiro"],"_links":{"self":[{"href":"https:\/\/www.caririemacao.com\/1\/wp-json\/wp\/v2\/posts\/280453","targetHints":{"allow":["GET"]}}],"collection":[{"href":"https:\/\/www.caririemacao.com\/1\/wp-json\/wp\/v2\/posts"}],"about":[{"href":"https:\/\/www.caririemacao.com\/1\/wp-json\/wp\/v2\/types\/post"}],"author":[{"embeddable":true,"href":"https:\/\/www.caririemacao.com\/1\/wp-json\/wp\/v2\/users\/6"}],"replies":[{"embeddable":true,"href":"https:\/\/www.caririemacao.com\/1\/wp-json\/wp\/v2\/comments?post=280453"}],"version-history":[{"count":1,"href":"https:\/\/www.caririemacao.com\/1\/wp-json\/wp\/v2\/posts\/280453\/revisions"}],"predecessor-version":[{"id":280459,"href":"https:\/\/www.caririemacao.com\/1\/wp-json\/wp\/v2\/posts\/280453\/revisions\/280459"}],"wp:featuredmedia":[{"embeddable":true,"href":"https:\/\/www.caririemacao.com\/1\/wp-json\/wp\/v2\/media\/280458"}],"wp:attachment":[{"href":"https:\/\/www.caririemacao.com\/1\/wp-json\/wp\/v2\/media?parent=280453"}],"wp:term":[{"taxonomy":"category","embeddable":true,"href":"https:\/\/www.caririemacao.com\/1\/wp-json\/wp\/v2\/categories?post=280453"},{"taxonomy":"post_tag","embeddable":true,"href":"https:\/\/www.caririemacao.com\/1\/wp-json\/wp\/v2\/tags?post=280453"}],"curies":[{"name":"wp","href":"https:\/\/api.w.org\/{rel}","templated":true}]}}