{"id":280457,"date":"2024-02-05T08:51:21","date_gmt":"2024-02-05T11:51:21","guid":{"rendered":"https:\/\/www.caririemacao.com\/1\/?p=280457"},"modified":"2024-02-05T08:51:21","modified_gmt":"2024-02-05T11:51:21","slug":"stf-deve-decidir-nesta-semana-se-demitir-empregado-publico-sem-justa-causa-e-constitucional","status":"publish","type":"post","link":"https:\/\/www.caririemacao.com\/1\/2024\/02\/05\/stf-deve-decidir-nesta-semana-se-demitir-empregado-publico-sem-justa-causa-e-constitucional\/","title":{"rendered":"STF deve decidir nesta semana se demitir empregado p\u00fablico sem justa causa \u00e9 constitucional"},"content":{"rendered":"<div class=\"subtitulo mb-3\"><em><strong>Recurso foi apresentado por empregados dispensados do Banco do Brasil; grupo tinha sido aprovado num concurso realizado em 1997.<\/strong><\/em><\/div>\n<div><\/div>\n<div>\n<p>O Supremo Tribunal Federal (STF) deve demitir na pr\u00f3xima quarta-feira (7) se \u00e9 constitucional dispensar um empregado de empresa p\u00fablica e sociedade de economia mista, admitido por concurso p\u00fablico, sem justa causa.<\/p>\n<p>A defini\u00e7\u00e3o ter\u00e1 repercuss\u00e3o geral, ou seja, o que for decidido valer\u00e1 para casos semelhantes em outros tribunais do pa\u00eds.<\/p>\n<\/div>\n<p>O recurso foi apresentado ao Supremo por empregados demitidos do Banco do Brasil ap\u00f3s decis\u00e3o do TST (Tribunal Superior do Trabalho), que rejeitou o pedido. De acordo com o processo, depois de terem sido aprovados num concurso realizado em abril de 1997, o grupo recebeu cartas da dire\u00e7\u00e3o da institui\u00e7\u00e3o banc\u00e1ria comunicando as demiss\u00f5es.<\/p>\n<p>No documento, os profissionais demitidos dizem que as sociedades de economia mista n\u00e3o podem praticar a dispensa imotivada de seus empregados e pedem que sejam reintegrados aos respectivos cargos. O banco, entretanto, diz que\u00a0o pr\u00f3prio STF tem entendido que \u201cos empregados das empresas de economia mista n\u00e3o t\u00eam estabilidade\u201d.<\/p>\n<p>Quando reconheceu a repercuss\u00e3o geral, o relator, ministro Alexandre de Moraes, disse que o tema \u00e9 de \u201cindiscut\u00edvel relev\u00e2ncia, com potencial de afetar milhares de rela\u00e7\u00f5es de trabalho e de repercutir na atua\u00e7\u00e3o dos bancos p\u00fablicos no mercado financeiro\u201d.<\/p>\n<p>FONTE: Portal Correio<\/p>\n","protected":false},"excerpt":{"rendered":"<p>Recurso foi apresentado por empregados dispensados do Banco do Brasil; grupo tinha sido aprovado num concurso realizado em 1997. O Supremo Tribunal Federal (STF) deve&hellip; <\/p>\n","protected":false},"author":6,"featured_media":280460,"comment_status":"closed","ping_status":"closed","sticky":false,"template":"","format":"standard","meta":{"sfsi_plus_gutenberg_text_before_share":"","sfsi_plus_gutenberg_show_text_before_share":"","sfsi_plus_gutenberg_icon_type":"","sfsi_plus_gutenberg_icon_alignemt":"","sfsi_plus_gutenburg_max_per_row":"","footnotes":""},"categories":[50],"tags":[],"class_list":["post-280457","post","type-post","status-publish","format-standard","has-post-thumbnail","hentry","category-destaque"],"_links":{"self":[{"href":"https:\/\/www.caririemacao.com\/1\/wp-json\/wp\/v2\/posts\/280457","targetHints":{"allow":["GET"]}}],"collection":[{"href":"https:\/\/www.caririemacao.com\/1\/wp-json\/wp\/v2\/posts"}],"about":[{"href":"https:\/\/www.caririemacao.com\/1\/wp-json\/wp\/v2\/types\/post"}],"author":[{"embeddable":true,"href":"https:\/\/www.caririemacao.com\/1\/wp-json\/wp\/v2\/users\/6"}],"replies":[{"embeddable":true,"href":"https:\/\/www.caririemacao.com\/1\/wp-json\/wp\/v2\/comments?post=280457"}],"version-history":[{"count":1,"href":"https:\/\/www.caririemacao.com\/1\/wp-json\/wp\/v2\/posts\/280457\/revisions"}],"predecessor-version":[{"id":280461,"href":"https:\/\/www.caririemacao.com\/1\/wp-json\/wp\/v2\/posts\/280457\/revisions\/280461"}],"wp:featuredmedia":[{"embeddable":true,"href":"https:\/\/www.caririemacao.com\/1\/wp-json\/wp\/v2\/media\/280460"}],"wp:attachment":[{"href":"https:\/\/www.caririemacao.com\/1\/wp-json\/wp\/v2\/media?parent=280457"}],"wp:term":[{"taxonomy":"category","embeddable":true,"href":"https:\/\/www.caririemacao.com\/1\/wp-json\/wp\/v2\/categories?post=280457"},{"taxonomy":"post_tag","embeddable":true,"href":"https:\/\/www.caririemacao.com\/1\/wp-json\/wp\/v2\/tags?post=280457"}],"curies":[{"name":"wp","href":"https:\/\/api.w.org\/{rel}","templated":true}]}}