{"id":280466,"date":"2024-02-05T11:10:11","date_gmt":"2024-02-05T14:10:11","guid":{"rendered":"https:\/\/www.caririemacao.com\/1\/?p=280466"},"modified":"2024-02-05T11:10:11","modified_gmt":"2024-02-05T14:10:11","slug":"ouvidoria-realiza-primeira-audiencia-publica-de-2024-em-serra-branca","status":"publish","type":"post","link":"https:\/\/www.caririemacao.com\/1\/2024\/02\/05\/ouvidoria-realiza-primeira-audiencia-publica-de-2024-em-serra-branca\/","title":{"rendered":"Ouvidoria realiza primeira audi\u00eancia p\u00fablica de 2024, em Serra Branca"},"content":{"rendered":"<p>A Ouvidoria do Minist\u00e9rio P\u00fablico da Para\u00edba realizou na semana passada, audi\u00eancia p\u00fablica no audit\u00f3rio do F\u00f3rum da Comarca de Serra Branca para ouvir os principais reclames da popula\u00e7\u00e3o. O evento, que marca o in\u00edcio do calend\u00e1rio de audi\u00eancias p\u00fablicas de 2024.<\/p>\n<p>A audi\u00eancia foi conduzida pelo ouvidor do MPPB, procurador de Justi\u00e7a Arist\u00f3teles de Santana Ferreira, e teve a participa\u00e7\u00e3o da ouvidora substituta, procuradora de Justi\u00e7a S\u00f4nia Maria de Paula Maia, do promotor de Justi\u00e7a e coordenador da Promotoria de Justi\u00e7a de Serra Branca, Leonardo Cunha Lima de Oliveira e do juiz titular da comarca, Jos\u00e9 Irlando Sobreira Machado. Participaram da audi\u00eancia cidad\u00e3os, membros do poder legislativo, representantes dos \u00f3rg\u00e3os p\u00fablicos, policiais militares, padres e conselheiros tutelares.<\/p>\n<p>Iniciando o evento, o ouvidor Arist\u00f3teles Santana fez os agradecimentos e sauda\u00e7\u00f5es iniciais, em especial ao membro presente pelos esfor\u00e7os desenvolvidos para a realiza\u00e7\u00e3o da audi\u00eancia p\u00fablica e ao magistrado presente pela cess\u00e3o do ambiente para a realiza\u00e7\u00e3o dos trabalhos, ressaltando a presen\u00e7a da ouvidora substituta, procuradora S\u00f4nia Maia, como tamb\u00e9m alguns esclarecimentos sobre a audi\u00eancia p\u00fablica e o trabalho desenvolvido pelo \u00f3rg\u00e3o.<\/p>\n<p>A audi\u00eancia p\u00fablica contou com a presen\u00e7a de 60 pessoas. O evento foi marcado pela participa\u00e7\u00e3o efetiva da popula\u00e7\u00e3o que abordou os diversos temas, como a pr\u00e1tica de fake news no per\u00edodo eleitoral e quais provid\u00eancias seriam adotadas pelo MPPB para combat\u00ea-la; cria\u00e7\u00e3o de uma casa de acolhimento, como tamb\u00e9m da inser\u00e7\u00e3o na comarca do programa \u201cFam\u00edlia Acolhedora\u201d; e pol\u00edticas p\u00fablicas voltadas ao combate \u00e0 viol\u00eancia contra a mulher, como a cria\u00e7\u00e3o de campanhas educativas.<\/p>\n<p>Tamb\u00e9m foram tratados assuntos como a capacita\u00e7\u00e3o dos conselheiros tutelares e melhorias nas sedes do conselho; interven\u00e7\u00e3o dos poderes p\u00fablicos no combate \u00e0s drogas e cria\u00e7\u00e3o de espa\u00e7os destinados ao tratamento de dependentes qu\u00edmicos; fiscaliza\u00e7\u00e3o quanto a realiza\u00e7\u00e3o de shows em cidades pequenas a pre\u00e7os exorbitantes; o grande n\u00famero de animais soltos nas vias p\u00fablicas causando diversos acidentes; cria\u00e7\u00e3o de um centro de zoonoses; prote\u00e7\u00e3o \u00e0 pessoa idosa, como cria\u00e7\u00e3o de abrigos e maior fiscaliza\u00e7\u00e3o junto \u00e0s institui\u00e7\u00f5es financeiras quanto a empr\u00e9stimos consignados realizados por familiares dos idosos sem consentimento; e efetivo cumprimento da lei quanto \u00e0 utiliza\u00e7\u00e3o de filas preferenciais.<\/p>\n<p>Durante a audi\u00eancia, o servidor Glebson Rob\u00e9rio Souza explicou os mecanismos de acesso pela popula\u00e7\u00e3o \u00e0 Ouvidoria do MPPB para apresenta\u00e7\u00e3o de suas manifesta\u00e7\u00f5es. O servidor tamb\u00e9m esclareceu que todas as manifesta\u00e7\u00f5es devem vir com a maior quantidade de informa\u00e7\u00f5es poss\u00edveis e que todas ter\u00e3o os devidos encaminhamentos aos \u00f3rg\u00e3os de execu\u00e7\u00e3o. Por fim, informou que todos os contatos da Ouvidoria estavam dispon\u00edveis no material que havia sido disponibilizado.<\/p>\n<p>A audi\u00eancia p\u00fablica foi marcada pelo di\u00e1logo entre o promotor de Justi\u00e7a presente e os cidad\u00e3os, por meio do qual o membro respondeu perguntas, esclarecendo v\u00e1rias d\u00favidas do p\u00fablico.<\/p>\n","protected":false},"excerpt":{"rendered":"<p>A Ouvidoria do Minist\u00e9rio P\u00fablico da Para\u00edba realizou na semana passada, audi\u00eancia p\u00fablica no audit\u00f3rio do F\u00f3rum da Comarca de Serra Branca para ouvir os&hellip; <\/p>\n","protected":false},"author":6,"featured_media":280467,"comment_status":"closed","ping_status":"closed","sticky":false,"template":"","format":"standard","meta":{"sfsi_plus_gutenberg_text_before_share":"","sfsi_plus_gutenberg_show_text_before_share":"","sfsi_plus_gutenberg_icon_type":"","sfsi_plus_gutenberg_icon_alignemt":"","sfsi_plus_gutenburg_max_per_row":"","footnotes":""},"categories":[50,93],"tags":[],"class_list":["post-280466","post","type-post","status-publish","format-standard","has-post-thumbnail","hentry","category-destaque","category-serra-branca"],"_links":{"self":[{"href":"https:\/\/www.caririemacao.com\/1\/wp-json\/wp\/v2\/posts\/280466","targetHints":{"allow":["GET"]}}],"collection":[{"href":"https:\/\/www.caririemacao.com\/1\/wp-json\/wp\/v2\/posts"}],"about":[{"href":"https:\/\/www.caririemacao.com\/1\/wp-json\/wp\/v2\/types\/post"}],"author":[{"embeddable":true,"href":"https:\/\/www.caririemacao.com\/1\/wp-json\/wp\/v2\/users\/6"}],"replies":[{"embeddable":true,"href":"https:\/\/www.caririemacao.com\/1\/wp-json\/wp\/v2\/comments?post=280466"}],"version-history":[{"count":1,"href":"https:\/\/www.caririemacao.com\/1\/wp-json\/wp\/v2\/posts\/280466\/revisions"}],"predecessor-version":[{"id":280468,"href":"https:\/\/www.caririemacao.com\/1\/wp-json\/wp\/v2\/posts\/280466\/revisions\/280468"}],"wp:featuredmedia":[{"embeddable":true,"href":"https:\/\/www.caririemacao.com\/1\/wp-json\/wp\/v2\/media\/280467"}],"wp:attachment":[{"href":"https:\/\/www.caririemacao.com\/1\/wp-json\/wp\/v2\/media?parent=280466"}],"wp:term":[{"taxonomy":"category","embeddable":true,"href":"https:\/\/www.caririemacao.com\/1\/wp-json\/wp\/v2\/categories?post=280466"},{"taxonomy":"post_tag","embeddable":true,"href":"https:\/\/www.caririemacao.com\/1\/wp-json\/wp\/v2\/tags?post=280466"}],"curies":[{"name":"wp","href":"https:\/\/api.w.org\/{rel}","templated":true}]}}