{"id":280469,"date":"2024-02-05T13:27:06","date_gmt":"2024-02-05T16:27:06","guid":{"rendered":"https:\/\/www.caririemacao.com\/1\/?p=280469"},"modified":"2024-02-05T13:27:06","modified_gmt":"2024-02-05T16:27:06","slug":"vereador-chicao-medeiros-denuncia-abandono-do-centro-cultural-joao-medeiros-ramos-em-sao-joao-do-cariri","status":"publish","type":"post","link":"https:\/\/www.caririemacao.com\/1\/2024\/02\/05\/vereador-chicao-medeiros-denuncia-abandono-do-centro-cultural-joao-medeiros-ramos-em-sao-joao-do-cariri\/","title":{"rendered":"Vereador Chic\u00e3o Medeiros denuncia abandono do Centro Cultural Jo\u00e3o Medeiros Ramos em S\u00e3o Jo\u00e3o do Cariri"},"content":{"rendered":"<p>O vereador Chic\u00e3o Medeiros, em mais uma tentativa de chamar a aten\u00e7\u00e3o para uma quest\u00e3o crucial em S\u00e3o Jo\u00e3o do Cariri, denunciou o estado de abandono do Centro Cultural Jo\u00e3o Medeiros Ramos. H\u00e1 tr\u00eas anos, por meio de requerimentos, o vereador busca sensibilizar a atual gest\u00e3o para a urgente necessidade de reforma no pr\u00e9dio, que encontra-se em completo descaso.<\/p>\n<p>Medeiros expressou sua indigna\u00e7\u00e3o diante do que ele considera um &#8220;total e absoluto descaso e desrespeito com a cultura e hist\u00f3ria&#8221; da cidade. Atrav\u00e9s das redes sociais, ele destacou a import\u00e2ncia do Centro Cultural como um patrim\u00f4nio que preserva a mem\u00f3ria de S\u00e3o Jo\u00e3o do Cariri.<\/p>\n<p>O vereador ressaltou que, em vez de desrespeitar a hist\u00f3ria da cidade, a gest\u00e3o atual deveria aprender com ela, citando o ex-prefeito Marcone Medeiros, que, segundo ele, zelava pelos pr\u00e9dios p\u00fablicos e hist\u00f3ricos da cidade.<\/p>\n<p>Chic\u00e3o Medeiros lamentou a falta de iniciativa da gest\u00e3o atual, criticando a realiza\u00e7\u00e3o de pequenas reformas em pra\u00e7as em anos eleitorais como uma tentativa de maquiar uma gest\u00e3o que, em sua vis\u00e3o, tem negligenciado os aspectos essenciais para o desenvolvimento cultural da cidade.<\/p>\n<p>O Centro Cultural Jo\u00e3o Medeiros Ramos, segundo o vereador, tornou-se um reflexo do que ele enxerga como a m\u00e1 administra\u00e7\u00e3o da cidade. Ele encerrou sua declara\u00e7\u00e3o afirmando que o povo vai lembrar desse abandono e conclamou a gest\u00e3o a respeitar a hist\u00f3ria, cultura e mem\u00f3ria do povo de S\u00e3o Jo\u00e3o Cariri.<\/p>\n<p>&nbsp;<\/p>\n<p><strong>CARIRI EM A\u00c7\u00c3O<\/strong><\/p>\n","protected":false},"excerpt":{"rendered":"<p>O vereador Chic\u00e3o Medeiros, em mais uma tentativa de chamar a aten\u00e7\u00e3o para uma quest\u00e3o crucial em S\u00e3o Jo\u00e3o do Cariri, denunciou o estado de&hellip; <\/p>\n","protected":false},"author":6,"featured_media":280470,"comment_status":"closed","ping_status":"closed","sticky":false,"template":"","format":"standard","meta":{"sfsi_plus_gutenberg_text_before_share":"","sfsi_plus_gutenberg_show_text_before_share":"","sfsi_plus_gutenberg_icon_type":"","sfsi_plus_gutenberg_icon_alignemt":"","sfsi_plus_gutenburg_max_per_row":"","footnotes":""},"categories":[50,88],"tags":[],"class_list":["post-280469","post","type-post","status-publish","format-standard","has-post-thumbnail","hentry","category-destaque","category-sao-joao-do-cariri"],"_links":{"self":[{"href":"https:\/\/www.caririemacao.com\/1\/wp-json\/wp\/v2\/posts\/280469","targetHints":{"allow":["GET"]}}],"collection":[{"href":"https:\/\/www.caririemacao.com\/1\/wp-json\/wp\/v2\/posts"}],"about":[{"href":"https:\/\/www.caririemacao.com\/1\/wp-json\/wp\/v2\/types\/post"}],"author":[{"embeddable":true,"href":"https:\/\/www.caririemacao.com\/1\/wp-json\/wp\/v2\/users\/6"}],"replies":[{"embeddable":true,"href":"https:\/\/www.caririemacao.com\/1\/wp-json\/wp\/v2\/comments?post=280469"}],"version-history":[{"count":1,"href":"https:\/\/www.caririemacao.com\/1\/wp-json\/wp\/v2\/posts\/280469\/revisions"}],"predecessor-version":[{"id":280471,"href":"https:\/\/www.caririemacao.com\/1\/wp-json\/wp\/v2\/posts\/280469\/revisions\/280471"}],"wp:featuredmedia":[{"embeddable":true,"href":"https:\/\/www.caririemacao.com\/1\/wp-json\/wp\/v2\/media\/280470"}],"wp:attachment":[{"href":"https:\/\/www.caririemacao.com\/1\/wp-json\/wp\/v2\/media?parent=280469"}],"wp:term":[{"taxonomy":"category","embeddable":true,"href":"https:\/\/www.caririemacao.com\/1\/wp-json\/wp\/v2\/categories?post=280469"},{"taxonomy":"post_tag","embeddable":true,"href":"https:\/\/www.caririemacao.com\/1\/wp-json\/wp\/v2\/tags?post=280469"}],"curies":[{"name":"wp","href":"https:\/\/api.w.org\/{rel}","templated":true}]}}