{"id":280480,"date":"2024-02-05T16:22:17","date_gmt":"2024-02-05T19:22:17","guid":{"rendered":"https:\/\/www.caririemacao.com\/1\/?p=280480"},"modified":"2024-02-05T16:22:17","modified_gmt":"2024-02-05T19:22:17","slug":"filho-de-sao-joao-do-cariri-empresario-shigeaki-ramos-toma-posse-no-conselho-fiscal-do-sindicato-da-industria-da-construcao-e-do-mobiliario-da-paraiba","status":"publish","type":"post","link":"https:\/\/www.caririemacao.com\/1\/2024\/02\/05\/filho-de-sao-joao-do-cariri-empresario-shigeaki-ramos-toma-posse-no-conselho-fiscal-do-sindicato-da-industria-da-construcao-e-do-mobiliario-da-paraiba\/","title":{"rendered":"Filho de S\u00e3o Jo\u00e3o do Cariri, empres\u00e1rio Shigeaki Ramos toma posse no conselho fiscal do Sindicato da Ind\u00fastria da Constru\u00e7\u00e3o e do Mobili\u00e1rio da Para\u00edba"},"content":{"rendered":"<p>Na \u00faltima quarta-feira (31), o empres\u00e1rio Shigeaki Ramos, natural de S\u00e3o Jo\u00e3o do Cariri, tomou posso como membro do Conselho Fiscal da nova diretoria do Sindicato da Ind\u00fastria da Constru\u00e7\u00e3o e do Mobili\u00e1rio do Estado da Para\u00edba (SINDUSCON\/PB)<\/p>\n<p>A cerim\u00f4nia aconteceu na sede da Federa\u00e7\u00e3o das Ind\u00fastrias da Para\u00edba, FIEP, e empossou Lamartine Alves como novo diretor.<\/p>\n<p>\u201cPra mim \u00e9 de grande honra o membro dessa nova gest\u00e3o, que representa a nossa classe. Espero poder contribuir com a categoria, em especial aos trabalhadores vinculados\u201d, disse Shigeaki.<\/p>\n<p>Diretor presidente do grupo Alerta, Shigeaki emprega mais de 6 mil pessoas de carteira assinada, al\u00e9m da gera\u00e7\u00e3o de empregos indiretos e trabalhos realizados para construtoras.<\/p>\n<p>&nbsp;<\/p>\n<p><strong>CARIRI EM A\u00c7\u00c3O<\/strong><\/p>\n<p>Com conectado com a not\u00edcia<\/p>\n","protected":false},"excerpt":{"rendered":"<p>Na \u00faltima quarta-feira (31), o empres\u00e1rio Shigeaki Ramos, natural de S\u00e3o Jo\u00e3o do Cariri, tomou posso como membro do Conselho Fiscal da nova diretoria do&hellip; <\/p>\n","protected":false},"author":6,"featured_media":280481,"comment_status":"closed","ping_status":"closed","sticky":false,"template":"","format":"standard","meta":{"sfsi_plus_gutenberg_text_before_share":"","sfsi_plus_gutenberg_show_text_before_share":"","sfsi_plus_gutenberg_icon_type":"","sfsi_plus_gutenberg_icon_alignemt":"","sfsi_plus_gutenburg_max_per_row":"","footnotes":""},"categories":[50,88],"tags":[],"class_list":["post-280480","post","type-post","status-publish","format-standard","has-post-thumbnail","hentry","category-destaque","category-sao-joao-do-cariri"],"_links":{"self":[{"href":"https:\/\/www.caririemacao.com\/1\/wp-json\/wp\/v2\/posts\/280480","targetHints":{"allow":["GET"]}}],"collection":[{"href":"https:\/\/www.caririemacao.com\/1\/wp-json\/wp\/v2\/posts"}],"about":[{"href":"https:\/\/www.caririemacao.com\/1\/wp-json\/wp\/v2\/types\/post"}],"author":[{"embeddable":true,"href":"https:\/\/www.caririemacao.com\/1\/wp-json\/wp\/v2\/users\/6"}],"replies":[{"embeddable":true,"href":"https:\/\/www.caririemacao.com\/1\/wp-json\/wp\/v2\/comments?post=280480"}],"version-history":[{"count":1,"href":"https:\/\/www.caririemacao.com\/1\/wp-json\/wp\/v2\/posts\/280480\/revisions"}],"predecessor-version":[{"id":280482,"href":"https:\/\/www.caririemacao.com\/1\/wp-json\/wp\/v2\/posts\/280480\/revisions\/280482"}],"wp:featuredmedia":[{"embeddable":true,"href":"https:\/\/www.caririemacao.com\/1\/wp-json\/wp\/v2\/media\/280481"}],"wp:attachment":[{"href":"https:\/\/www.caririemacao.com\/1\/wp-json\/wp\/v2\/media?parent=280480"}],"wp:term":[{"taxonomy":"category","embeddable":true,"href":"https:\/\/www.caririemacao.com\/1\/wp-json\/wp\/v2\/categories?post=280480"},{"taxonomy":"post_tag","embeddable":true,"href":"https:\/\/www.caririemacao.com\/1\/wp-json\/wp\/v2\/tags?post=280480"}],"curies":[{"name":"wp","href":"https:\/\/api.w.org\/{rel}","templated":true}]}}