{"id":280483,"date":"2024-02-05T16:23:16","date_gmt":"2024-02-05T19:23:16","guid":{"rendered":"https:\/\/www.caririemacao.com\/1\/?p=280483"},"modified":"2024-02-05T16:23:16","modified_gmt":"2024-02-05T19:23:16","slug":"monteiro-acao-judicial-pede-indenizacao-ao-governo-do-estado-para-o-povo-pela-falta-dagua-nas-torneiras","status":"publish","type":"post","link":"https:\/\/www.caririemacao.com\/1\/2024\/02\/05\/monteiro-acao-judicial-pede-indenizacao-ao-governo-do-estado-para-o-povo-pela-falta-dagua-nas-torneiras\/","title":{"rendered":"Monteiro: a\u00e7\u00e3o judicial pede indeniza\u00e7\u00e3o ao Governo do Estado para o povo pela falta d\u2019\u00e1gua nas torneiras"},"content":{"rendered":"<p>Uma A\u00e7\u00e3o Popular protocolada pelo Deputado Estadual Dr. Romualdo (MDB) em 22 de setembro de 2023 em face do Governo da Para\u00edba, que tramita na 2\u00aa Vara Mista de Monteiro, pede uma indeniza\u00e7\u00e3o coletiva para o povo da cidade pelas constantes falta d\u2019\u00e1gua nas torneiras.<\/p>\n<p>No processo, al\u00e9m do pedido indenizat\u00f3rio que dever\u00e1 ser revertido em investimentos para popula\u00e7\u00e3o, o m\u00e9dico solicitou judicialmente a isen\u00e7\u00e3o das taxas cobradas pela Cagepa, autarquia controlada pelo governo estadual, sempre que o servi\u00e7o n\u00e3o for prestado.<\/p>\n<p>\u201cJ\u00e1 fizemos Requerimento, representa\u00e7\u00e3o no Minist\u00e9rio P\u00fablico e desde setembro de 2023 essa A\u00e7\u00e3o Popular. S\u00f3 vamos desistir quando a popula\u00e7\u00e3o for tratada com o m\u00ednimo de respeito,\u201d destacou o m\u00e9dico caririzeiro que tamb\u00e9m \u00e9 cirurgi\u00e3o na cidade.<\/p>\n<p>Sob o n\u00famero 0801949-85.2023.8.15.0241, o processo deve ser uma longa batalha judicial. \u201cFizeram uma festa para uma adutora que ainda nem come\u00e7ou e ningu\u00e9m sabe quando vai terminar, veja o exemplo de Barra de S\u00e3o Miguel que espera uma obra parecida h\u00e1 10 anos. Enquanto isso o povo sem \u00e1gua para as necessidades b\u00e1sicas e ningu\u00e9m faz nada\u201d, finalizou o parlamentar.<\/p>\n","protected":false},"excerpt":{"rendered":"<p>Uma A\u00e7\u00e3o Popular protocolada pelo Deputado Estadual Dr. Romualdo (MDB) em 22 de setembro de 2023 em face do Governo da Para\u00edba, que tramita na&hellip; <\/p>\n","protected":false},"author":6,"featured_media":280484,"comment_status":"closed","ping_status":"closed","sticky":false,"template":"","format":"standard","meta":{"sfsi_plus_gutenberg_text_before_share":"","sfsi_plus_gutenberg_show_text_before_share":"","sfsi_plus_gutenberg_icon_type":"","sfsi_plus_gutenberg_icon_alignemt":"","sfsi_plus_gutenburg_max_per_row":"","footnotes":""},"categories":[106,50],"tags":[],"class_list":["post-280483","post","type-post","status-publish","format-standard","has-post-thumbnail","hentry","category-cariri","category-destaque"],"_links":{"self":[{"href":"https:\/\/www.caririemacao.com\/1\/wp-json\/wp\/v2\/posts\/280483","targetHints":{"allow":["GET"]}}],"collection":[{"href":"https:\/\/www.caririemacao.com\/1\/wp-json\/wp\/v2\/posts"}],"about":[{"href":"https:\/\/www.caririemacao.com\/1\/wp-json\/wp\/v2\/types\/post"}],"author":[{"embeddable":true,"href":"https:\/\/www.caririemacao.com\/1\/wp-json\/wp\/v2\/users\/6"}],"replies":[{"embeddable":true,"href":"https:\/\/www.caririemacao.com\/1\/wp-json\/wp\/v2\/comments?post=280483"}],"version-history":[{"count":1,"href":"https:\/\/www.caririemacao.com\/1\/wp-json\/wp\/v2\/posts\/280483\/revisions"}],"predecessor-version":[{"id":280485,"href":"https:\/\/www.caririemacao.com\/1\/wp-json\/wp\/v2\/posts\/280483\/revisions\/280485"}],"wp:featuredmedia":[{"embeddable":true,"href":"https:\/\/www.caririemacao.com\/1\/wp-json\/wp\/v2\/media\/280484"}],"wp:attachment":[{"href":"https:\/\/www.caririemacao.com\/1\/wp-json\/wp\/v2\/media?parent=280483"}],"wp:term":[{"taxonomy":"category","embeddable":true,"href":"https:\/\/www.caririemacao.com\/1\/wp-json\/wp\/v2\/categories?post=280483"},{"taxonomy":"post_tag","embeddable":true,"href":"https:\/\/www.caririemacao.com\/1\/wp-json\/wp\/v2\/tags?post=280483"}],"curies":[{"name":"wp","href":"https:\/\/api.w.org\/{rel}","templated":true}]}}